{"id":16041,"date":"2017-04-04T15:40:12","date_gmt":"2017-04-04T13:40:12","guid":{"rendered":"https:\/\/hellocare.com\/?p=16041"},"modified":"2025-12-05T10:09:10","modified_gmt":"2025-12-05T09:09:10","slug":"calendrier-de-grossesse","status":"publish","type":"post","link":"https:\/\/www.hellocare.com\/blog\/calendrier-de-grossesse\/","title":{"rendered":"Calendrier de grossesse : Suivi mois apr\u00e8s mois"},"content":{"rendered":"<p><div class=\"fusion-fullwidth fullwidth-box fusion-builder-row-1 nonhundred-percent-fullwidth non-hundred-percent-height-scrolling\" style=\"--awb-border-radius-top-left:0px;--awb-border-radius-top-right:0px;--awb-border-radius-bottom-right:0px;--awb-border-radius-bottom-left:0px;--awb-flex-wrap:wrap;\" ><div class=\"fusion-builder-row fusion-row\"><div class=\"fusion-layout-column fusion_builder_column fusion-builder-column-0 fusion_builder_column_1_1 1_1 fusion-one-full fusion-column-first fusion-column-last\" style=\"--awb-bg-size:cover;\"><div class=\"fusion-column-wrapper fusion-column-has-shadow fusion-flex-column-wrapper-legacy\"><div class=\"fusion-text fusion-text-1\"><p><em>Par\u00a0Amandine Guyot<\/em><\/p>\n<\/div><div class=\"fusion-clearfix\"><\/div><\/div><\/div><\/div><\/div><div class=\"fusion-fullwidth fullwidth-box fusion-builder-row-2 nonhundred-percent-fullwidth non-hundred-percent-height-scrolling\" style=\"--awb-border-radius-top-left:0px;--awb-border-radius-top-right:0px;--awb-border-radius-bottom-right:0px;--awb-border-radius-bottom-left:0px;--awb-flex-wrap:wrap;\" ><div class=\"fusion-builder-row fusion-row\"><div class=\"fusion-layout-column fusion_builder_column fusion-builder-column-1 fusion_builder_column_1_1 1_1 fusion-one-full fusion-column-first fusion-column-last\" style=\"--awb-bg-size:cover;\"><div class=\"fusion-column-wrapper fusion-column-has-shadow fusion-flex-column-wrapper-legacy\"><div class=\"fusion-text fusion-text-2\"><p><span style=\"font-size: regular;\"><span style=\"font-size: 18px; line-height: 1.6em; letter-spacing: 0px;\"><span class=\"fusion-dropcap dropcap\">B<\/span><\/span><\/span>ient\u00f4t Maman ? C\u2019est le moment de prendre particuli\u00e8rement soin de vous ! Pendant neuf mois, vous allez b\u00e9n\u00e9ficier d\u2019un suivi tout particulier. Rembours\u00e9es \u00e0 100 % par l\u2019assurance maladie, les 7 visites pr\u00e9natales qui rythment votre grossesse sont essentielles. Elles permettent de surveiller votre sant\u00e9 et le bon d\u00e9veloppement de votre b\u00e9b\u00e9.<\/p>\n<p><span style=\"font-size: regular;\"><!--more--><\/span><\/p>\n<\/div><div class=\"fusion-clearfix\"><\/div><\/div><\/div><\/div><\/div><div class=\"fusion-fullwidth fullwidth-box fusion-builder-row-3 nonhundred-percent-fullwidth non-hundred-percent-height-scrolling\" style=\"--awb-border-radius-top-left:0px;--awb-border-radius-top-right:0px;--awb-border-radius-bottom-right:0px;--awb-border-radius-bottom-left:0px;--awb-flex-wrap:wrap;\" ><div class=\"fusion-builder-row fusion-row\"><div class=\"fusion-layout-column fusion_builder_column fusion-builder-column-2 fusion_builder_column_1_1 1_1 fusion-one-full fusion-column-first fusion-column-last\" style=\"--awb-bg-size:cover;\"><div class=\"fusion-column-wrapper fusion-column-has-shadow fusion-flex-column-wrapper-legacy\"><div class=\"fusion-image-element fusion-image-align-center fusion-no-small-visibility in-legacy-container\" style=\"text-align:center;--awb-max-width:500px;--awb-caption-title-font-family:var(--h2_typography-font-family);--awb-caption-title-font-weight:var(--h2_typography-font-weight);--awb-caption-title-font-style:var(--h2_typography-font-style);--awb-caption-title-size:var(--h2_typography-font-size);--awb-caption-title-transform:var(--h2_typography-text-transform);--awb-caption-title-line-height:var(--h2_typography-line-height);--awb-caption-title-letter-spacing:var(--h2_typography-letter-spacing);\"><div class=\"imageframe-align-center\"><span class=\" fusion-imageframe imageframe-none imageframe-1 hover-type-none\"><img decoding=\"async\" width=\"768\" height=\"512\" alt=\"calendrier grossesse\" title=\"calendrier-grossesse\" src=\"data:image\/svg+xml,%3Csvg%20xmlns%3D%27http%3A%2F%2Fwww.w3.org%2F2000%2Fsvg%27%20width%3D%27768%27%20height%3D%27512%27%20viewBox%3D%270%200%20768%20512%27%3E%3Crect%20width%3D%27768%27%20height%3D%27512%27%20fill-opacity%3D%220%22%2F%3E%3C%2Fsvg%3E\" data-orig-src=\"https:\/\/www.hellocare.com\/blog\/wp-content\/uploads\/2017\/04\/calendrier-grossesse.png\" class=\"lazyload img-responsive wp-image-23908\"\/><\/span><\/div><\/div><div class=\"fusion-clearfix\"><\/div><\/div><\/div><\/div><\/div><div class=\"fusion-fullwidth fullwidth-box fusion-builder-row-4 nonhundred-percent-fullwidth non-hundred-percent-height-scrolling\" style=\"--awb-border-radius-top-left:0px;--awb-border-radius-top-right:0px;--awb-border-radius-bottom-right:0px;--awb-border-radius-bottom-left:0px;--awb-flex-wrap:wrap;\" ><div class=\"fusion-builder-row fusion-row\"><div class=\"fusion-layout-column fusion_builder_column fusion-builder-column-3 fusion_builder_column_1_1 1_1 fusion-one-full fusion-column-first fusion-column-last\" style=\"--awb-bg-size:cover;--awb-margin-top:0px;--awb-margin-bottom:0px;\"><div class=\"fusion-column-wrapper fusion-flex-column-wrapper-legacy\"><div class=\"fusion-title title fusion-title-1 fusion-sep-none fusion-title-text fusion-title-size-two\"><h2 class=\"fusion-title-heading title-heading-left fusion-responsive-typography-calculated\" style=\"margin:0;--fontSize:36;line-height:1.25;\"><h2>Diff\u00e9rentes visites ponctuent votre grossesse<\/h2><\/h2><\/div><div class=\"fusion-clearfix\"><\/div><\/div><\/div><\/div><\/div><div class=\"fusion-fullwidth fullwidth-box fusion-builder-row-5 nonhundred-percent-fullwidth non-hundred-percent-height-scrolling\" style=\"--awb-border-radius-top-left:0px;--awb-border-radius-top-right:0px;--awb-border-radius-bottom-right:0px;--awb-border-radius-bottom-left:0px;--awb-flex-wrap:wrap;\" ><div class=\"fusion-builder-row fusion-row\"><div class=\"fusion-layout-column fusion_builder_column fusion-builder-column-4 fusion_builder_column_1_1 1_1 fusion-one-full fusion-column-first fusion-column-last\" style=\"--awb-bg-size:cover;--awb-margin-top:0px;--awb-margin-bottom:0px;\"><div class=\"fusion-column-wrapper fusion-flex-column-wrapper-legacy\"><div class=\"fusion-text fusion-text-3\"><div class=\"wpb_text_column wpb_content_element \">\n<div class=\"wpb_wrapper\"><\/div>\n<\/div>\n<div class=\"wpb_text_column wpb_content_element \">\n<div class=\"wpb_wrapper\">\n<p>DDR, DPA, SA \u2026Vous en entendrez souvent parler ! Mais que sont ces sigles ? Si vos cycles sont r\u00e9guliers, vous allez pouvoir \u00e9valuer votre d\u00e9but de grossesse et donc la\u00a0<b>date pr\u00e9vue d\u2019accouchement (DPA)<\/b>\u00a0\u00e0 partir de la\u00a0<b>date de vos derni\u00e8res r\u00e8gles (DDR)<\/b>. En cas de cycles irr\u00e9guliers, rassurez-vous, l\u2019\u00e9chographie r\u00e9alis\u00e9e au 1er trimestre permettra de dater tr\u00e8s pr\u00e9cis\u00e9ment votre grossesse. La dur\u00e9e de grossesse s\u2019\u00e9value quant \u00e0 elle par mois, mais souvent pour les m\u00e9decins en\u00a0<b>semaines d\u2019am\u00e9norrh\u00e9e (SA)<\/b>. Les SA repr\u00e9sentent le nombre de semaines \u00e0 partir de la date de vos derni\u00e8res r\u00e8gles. La dur\u00e9e moyenne d\u2019une grossesse est de 40 semaines. Une grossesse \u00e0 terme s\u2019ach\u00e8ve entre 38 et 42 SA. D\u00e9couvrez quelles seront les consultations n\u00e9cessaires jusqu\u2019\u00e0 l\u2019accouchement !<\/p>\n<\/div>\n<\/div>\n<\/div><div class=\"fusion-sep-clear\"><\/div><div class=\"fusion-separator fusion-full-width-sep\" style=\"margin-left: auto;margin-right: auto;margin-bottom:5px;width:100%;\"><\/div><div class=\"fusion-sep-clear\"><\/div><div class=\"fusion-text fusion-text-4\"><div class=\"wpb_text_column wpb_content_element \">\n<div class=\"wpb_wrapper\">\n<h3>1er examen pr\u00e9natal : avant la fin du 3e mois de grossesse<\/h3>\n<\/div>\n<\/div>\n<div class=\"wpb_text_column wpb_content_element \">\n<div class=\"wpb_wrapper\">\n<div id=\"ui-id-2\" class=\"eltd-accordion-content ui-accordion-content ui-helper-reset ui-widget-content ui-corner-bottom ui-accordion-content-active\" role=\"tabpanel\" aria-labelledby=\"ui-id-1\" aria-hidden=\"false\">\n<div class=\"eltd-accordion-content-inner\">\n<div class=\"wpb_text_column wpb_content_element \">\n<div class=\"wpb_wrapper\">\n<h4>L\u2019interrogatoire<\/h4>\n<p>Cette visite chez votre gyn\u00e9cologue ou sage-femme pr\u00e9f\u00e9r\u00e9(e) est importante. Elle se d\u00e9roule g\u00e9n\u00e9ralement &lt;<b>apr\u00e8s la 8e semaine d\u2019am\u00e9norrh\u00e9e<\/b>. Le m\u00e9decin ou la sage-femme va vous poser des questions sur votre mode de vie : situation familiale (en couple ou seule, si vous avez d\u00e9j\u00e0 d\u2019autres enfants en bas \u00e2ge), la profession exerc\u00e9e, votre mode de transport et la dur\u00e9e des trajets. Quelles sont \u00e9galement vos habitudes alimentaires, et si vous fumez, en quelle quantit\u00e9. Il est \u00e9videmment souhaitable d\u2019arr\u00eater le tabac pendant toute grossesse.<\/p>\n<p>On vous demandera \u00e9galement si vous avez des pathologies particuli\u00e8res, les ant\u00e9c\u00e9dents m\u00e9dicaux dans votre famille. Si vous avez d\u00e9j\u00e0 \u00e9t\u00e9 enceinte, pr\u00e9cisez bien comment se sont d\u00e9roul\u00e9s les grossesses et les accouchements, c\u2019est important. M\u00eame si ces renseignements peuvent prendre du temps, ils vont permettre de se faire une id\u00e9e pr\u00e9cise des conditions dans lesquelles peuvent se d\u00e9rouler votre grossesse.<\/p>\n<h4>L\u2019examen g\u00e9n\u00e9ral<\/h4>\n<p>Vous allez devoir passer sur la balance pour la 1re fois ! Votre\u00a0<b>poids<\/b>\u00a0et son \u00e9volution seront suivis tout au long de la grossesse, pour votre sant\u00e9 et celle du b\u00e9b\u00e9. S\u2019en suit un examen classique avec prise de la\u00a0<b>tension art\u00e9rielle<\/b>\u00a0et recherche de la pr\u00e9sence d\u2019<b>albumine<\/b>\u00a0et de\u00a0<b>glucose<\/b>en exc\u00e8s dans les urines : le glucose fera suspecter un\u00a0<b>diab\u00e8te gestationnel<\/b>\u00a0tandis que l\u2019albumine \u00e9value le fonctionnement r\u00e9nal.<\/p>\n<h4>L\u2019examen gyn\u00e9cologique<\/h4>\n<p>Palpation des seins, toucher vaginal pour\u00a0<b>contr\u00f4ler le col de l\u2019ut\u00e9rus<\/b>\u2026Il vous sera \u00e9galement prescrit une prise de sang afin de conna\u00eetre votre\u00a0<b>groupe sanguin<\/b>\u00a0et de s\u2019assurer qu\u2019il n\u2019y a pas d\u2019incompatibilit\u00e9 avec le groupe du b\u00e9b\u00e9. On recherche \u00e9galement si vous \u00eates porteuse du virus\u00a0<b>HIV<\/b>, d\u2019<b>h\u00e9patites<\/b>\u00a0ou d\u2019\u00e9ventuelle\u00a0<b>syphilis<\/b>, et si vous \u00eates immunis\u00e9e contre la toxoplasmose et la rub\u00e9ole. Enfin, une<b>\u00a0\u00e9chographie\u00a0<\/b>vous sera prescrite, \u00e0 r\u00e9aliser\u00a0<b>vers la 12e semaine d\u2019am\u00e9norrh\u00e9e.\u00a0<\/b>L\u2019\u00e9chographie permettra de v\u00e9rifier l\u2019ut\u00e9rus et les ovaires et bien s\u00fbr, la vitalit\u00e9 du b\u00e9b\u00e9. C\u2019est \u00e9galement \u00e0 ce moment que l\u2019on datera pr\u00e9cis\u00e9ment le terme de la grossesse.<\/p>\n<p>Enfin, c\u2019est lors de ce premier examen que vous sera remise la<b>\u00a0d\u00e9claration de grossesse<\/b>, intitul\u00e9e \u00ab\u00a0Vous attendez un enfant\u00a0\u00bb. Ce document vous permet de d\u00e9clarer votre grossesse aupr\u00e8s de la Caisse d\u2019Allocation Familiale (CAF) et de l\u2019Assurance Maladie.<\/p>\n<\/div>\n<\/div>\n<\/div>\n<\/div>\n<\/div>\n<\/div>\n<div class=\"wpb_text_column wpb_content_element \">\n<div class=\"wpb_wrapper\"><\/div>\n<\/div>\n<\/div><div class=\"fusion-sep-clear\"><\/div><div class=\"fusion-separator fusion-full-width-sep\" style=\"margin-left: auto;margin-right: auto;margin-bottom:5px;width:100%;\"><\/div><div class=\"fusion-sep-clear\"><\/div><div class=\"fusion-text fusion-text-5\"><p style=\"text-align: center;\"><strong><span style=\"font-size: large;\"><a href=\"https:\/\/www.hellocare.com\/\" rel=\"noopener noreferrer\">Vous avez besoin de l&rsquo;avis d&rsquo;un professionnel de sant\u00e9 ?<br \/>\nConsultez rapidement en ligne <i class=\"fas fa-video\"><\/i> <\/a>\u00a0<\/span><\/strong><\/p>\n<\/div><div class=\"fusion-sep-clear\"><\/div><div class=\"fusion-separator fusion-full-width-sep\" style=\"margin-left: auto;margin-right: auto;margin-bottom:5px;width:100%;\"><\/div><div class=\"fusion-sep-clear\"><\/div><div class=\"fusion-text fusion-text-6\"><div class=\"wpb_text_column wpb_content_element \">\n<div class=\"wpb_wrapper\">\n<h3>Visite du 4e mois de grossesse<\/h3>\n<\/div>\n<\/div>\n<div class=\"wpb_text_column wpb_content_element \">\n<div class=\"wpb_wrapper\">\n<div id=\"ui-id-4\" class=\"eltd-accordion-content ui-accordion-content ui-helper-reset ui-widget-content ui-corner-bottom ui-accordion-content-active\" role=\"tabpanel\" aria-labelledby=\"ui-id-3\" aria-hidden=\"false\">\n<div class=\"eltd-accordion-content-inner\">\n<div class=\"wpb_text_column wpb_content_element \">\n<div class=\"wpb_wrapper\">\n<h4>Prise de sang et examen clinique<\/h4>\n<p>On recherche le sucre et l\u2019albumine dans les urines, on mesure la tension art\u00e9rielle, votre poids. Puis l\u2019on va mesurer la\u00a0<strong>hauteur ut\u00e9rine<\/strong>\u00a0pour \u00e9valuer la croissance du foetus et la vitalit\u00e9 du b\u00e9b\u00e9. Si le m\u00e9decin ou la sage-femme est \u00e9quip\u00e9 d\u2019un \u00e9chographe, il pourra v\u00e9rifier ses mouvements et \u00e9couter battre son c\u0153ur.<\/p>\n<p>Vous pourrez discuter des r\u00e9sultats de votre prise de sang :<strong>\u00a0si vous n\u2019\u00eates pas immunis\u00e9e contre la toxoplasmose<\/strong>, une prise de sang mensuelle devra \u00eatre r\u00e9alis\u00e9e. Il vous sera pr\u00e9conis\u00e9 de respecter des r\u00e8gles d\u2019hygi\u00e8ne afin de ne pas contracter la maladie : \u00e9viter les chats et leurs d\u00e9jections, laver soigneusement les fruits et l\u00e9gumes qui poussent en terre (Salade, carotte, fraises\u2026). Le toxoplasme \u00e9tant un parasite dont les h\u00f4tes sont des animaux, il faudra veiller \u00e0 ne manger la viande que tr\u00e8s bien cuite.<\/p>\n<h4>D\u00e9pistage de la trisomie 21<\/h4>\n<p>Un d\u00e9pistage de la Trisomie 21 par prise de sang vous sera propos\u00e9 entre 14 et 18 SA. Les valeurs de l\u2019hormone beta-hCG et de l\u2019alpha-foeto-prot\u00e9ine seront mesur\u00e9es. Au bout d\u2019environ une semaine, les r\u00e9sultats sont envoy\u00e9s au prescripteur qui vous informera de la n\u00e9cessit\u00e9 ou non d\u2019une amniocent\u00e8se (ponction du liquide amniotique r\u00e9alis\u00e9e sous contr\u00f4le \u00e9chographique). Le risque de Trisomie 21 est pr\u00e9sent\u00e9 sous forme d\u2019un ratio,\u00a0<strong>cela n\u2019est qu\u2019une \u00e9valuation statistique et pas une mesure de certitude !<\/strong><\/p>\n<ul>\n<li>Risque &lt;1\/250 : l\u2019amniocent\u00e8se n\u2019est pas propos\u00e9e<\/li>\n<li>Risque &gt;1\/250 : l\u2019amniocent\u00e8se vous sera propos\u00e9e.<\/li>\n<\/ul>\n<p>Seuls vous et votre conjoint pouvez prendre la d\u00e9cision de cet examen plus invasif. Pour plus d\u2019informations sur le d\u00e9pistage ant\u00e9natal de la trisomie 21 vous pouvez consulter ce site :\u00a0http:\/\/www.cngof.fr\/grossesse\/194-depistage-prenatal-de-la-trisomie-21<\/p>\n<h4>L\u2019\u00e9chographie<\/h4>\n<p>La premi\u00e8re\u00a0<strong>\u00e9chographie dite de datation<\/strong>\u00a0doit \u00eatre effectu\u00e9e\u00a0<strong>entre 12 et 14 semaines d\u2019am\u00e9norrh\u00e9e<\/strong>. La premi\u00e8re \u00e9chographie de grossesse permet, entre autres, de dater pr\u00e9cis\u00e9ment le d\u00e9but de grossesse et le terme th\u00e9orique. Jusqu\u2019ici, votre grossesse \u00e9tait calcul\u00e9e de mani\u00e8re approximative \u00e0 partir de la date du premier jour de vos derni\u00e8res r\u00e8gles. Mais rien ne certifie que la f\u00e9condation a eu lieu \u00e0 la date \u00e9valu\u00e9e. Pour d\u00e9terminer pr\u00e9cis\u00e9ment la DPA (date pr\u00e9vue d\u2019accouchement), on mesure la longueur cranio caudale du foetus, c\u2019est-\u00e0-dire la distance entre le sommet de la t\u00eate et le bas de la colonne.\u00a0<strong>La DPA sera inscrite dans votre dossier et retenue pour le reste de votre grossesse. Elle ne sera plus modifi\u00e9e.<\/strong><\/p>\n<p>La premi\u00e8re \u00e9chographie est l\u2019occasion pour le professionnel d\u2019examiner toutes les parties du corps du b\u00e9b\u00e9 et de prendre une s\u00e9rie de mesures (longueur du f\u00e9mur, diam\u00e8tre pari\u00e9tal, clart\u00e9 nucale). Elle dure environ 20 minutes. Certains m\u00e9decins ou sage-femmes peuvent annoncer le sexe du b\u00e9b\u00e9 d\u00e8s cette premi\u00e8re \u00e9chographie, mais c\u2019est moins fiable qu\u2019\u00e0 l\u2019\u00e9chographie du 5e mois (o\u00f9 le sexe est l\u00e0 bien visible).<\/p>\n<h4>L\u2019entretien individuel du 4e mois<\/h4>\n<p>Le plan p\u00e9rinatalit\u00e9 2005-2007 a mis en place un entretien individuel du 4e mois de grossesse, propos\u00e9 pour discuter de sa grossesse avec un professionnel de la sant\u00e9. Il se pr\u00e9sente comme une occasion de discuter ouvertement de la grossesse. Le but est d\u2019informer les futurs parents sur plusieurs points et de les accompagner dans leurs choix :<\/p>\n<ul>\n<li><b>droits des parents<\/b>\u00a0(cong\u00e9s pour la m\u00e8re et le p\u00e8re, droits du travail et droits sociaux)<\/li>\n<li><b>lieu de naissance<\/b>\u00a0(accouchement en CHU, en clinique, \u00e0 la maison)<\/li>\n<li><b>projet de naissance<\/b>\u00a0(position d\u2019accouchement, p\u00e9ridurale ou non, \u00e9pisiotomie\u2026)<\/li>\n<\/ul>\n<p>Cette consultation favorise le rep\u00e9rage de\u00a0<b>situations familiales \u00e0 risques\u00a0<\/b>: violences conjugales, probl\u00e8me de logement, situation financi\u00e8re, d\u00e9tresse psychologique, angoisse de devenir m\u00e8re\u2026 Cet entretien n\u2019a pas de vis\u00e9e m\u00e9dicale, il s\u2019agit d\u2019un \u00e9change au cours duquel la maman ou le couple a la parole face \u00e0 un sp\u00e9cialiste qui leur r\u00e9pond, les conseille et les rassure. Il a \u00e9t\u00e9 mis en place pour d\u00e9tecter en amont<b>\u00a0le risque de d\u00e9pression post-partum chez une maman.<\/b>\u00a0Si vous vous trouvez dans une situation de vuln\u00e9rabilit\u00e9, votre m\u00e9decin ou sage-femme pourra vous proposer une consultation avec une assistante sociale ou une psychologue.<\/p>\n<\/div>\n<\/div>\n<\/div>\n<\/div>\n<\/div>\n<\/div>\n<\/div><div class=\"fusion-sep-clear\"><\/div><div class=\"fusion-separator fusion-full-width-sep\" style=\"margin-left: auto;margin-right: auto;margin-bottom:5px;width:100%;\"><\/div><div class=\"fusion-sep-clear\"><\/div><div class=\"fusion-text fusion-text-7\"><div class=\"wpb_text_column wpb_content_element \">\n<div class=\"wpb_wrapper\">\n<h3>Visite du 5e mois de grossesse<\/h3>\n<\/div>\n<\/div>\n<div class=\"wpb_text_column wpb_content_element \">\n<div class=\"wpb_wrapper\">\n<div id=\"ui-id-6\" class=\"eltd-accordion-content ui-accordion-content ui-helper-reset ui-widget-content ui-corner-bottom ui-accordion-content-active\" role=\"tabpanel\" aria-labelledby=\"ui-id-5\" aria-hidden=\"false\">\n<div class=\"eltd-accordion-content-inner\">\n<div class=\"wpb_text_column wpb_content_element \">\n<div class=\"wpb_wrapper\">\n<p>Il s\u2019agit d\u2019une consultation de routine. Le sucre et l\u2019albumine continuent d\u2019\u00eatre recherch\u00e9s dans les urines. \u00c0 ce stade, l\u2019exc\u00e8s de sucre dans le sang peut \u00eatre symptomatique d\u2019un\u00a0<strong>diab\u00e8te gestationnel<\/strong>, qui demandera une surveillance \u00e9troite. Un mauvais fonctionnement des reins, d\u00e9montr\u00e9 par le taux d\u2019albumine \u00e9lev\u00e9, peut provoquer une\u00a0<strong>pr\u00e9-\u00e9clampsie<\/strong>\u00a0(hypertension art\u00e9rielle et prise de poids avec oed\u00e8mes). C\u2019est un \u00e9v\u00e9nement rare, mais grave, donc \u00e0 d\u00e9pister. Votre tension doit, dans la mesure du possible, rester inf\u00e9rieure \u00e0 14\/9.<br \/>\nUn toucher vaginal permet de v\u00e9rifier que le col de l\u2019ut\u00e9rus n\u2019est pas modifi\u00e9 et que vous ne risquez pas d\u2019accoucher pr\u00e9matur\u00e9ment. C\u2019est une p\u00e9riode durant laquelle\u00a0<strong>vous sentirez votre b\u00e9b\u00e9 bouger<\/strong>\u00a0et votre ventre commence franchement \u00e0 grossir !<\/p>\n<h4>L\u2019\u00e9chographie morphologique<\/h4>\n<p>Le 5\u00e8me mois est \u00e9galement le temps de la\u00a0<strong>2e \u00e9chographie<\/strong>\u00a0qui doit avoir lieu\u00a0<strong>entre 23 et 25 SA<\/strong>. Elle permet d\u2019examiner votre b\u00e9b\u00e9, de r\u00e9aliser de nombreuses mesures et de rep\u00e9rer d\u2019\u00e9ventuelles malformations.\u00a0<strong>C\u2019est un examen tr\u00e8s important<\/strong>, l\u2019\u00e9chographie la plus pr\u00e9cise. Donc pas de panique si votre \u00e9chographiste n\u2019est pas tr\u00e8s bavard, il doit mesurer et observer tr\u00e8s attentivement ! Il s\u2019assure aussi que le placenta est positionn\u00e9 correctement et que le liquide amniotique est en quantit\u00e9 suffisante.\u00a0<strong>Gar\u00e7on ou fille ?<\/strong>\u00a0Lors de cette \u00e9chographie, vous pourrez enfin\u00a0<strong>conna\u00eetre le sexe du b\u00e9b\u00e9<\/strong>\u00a0!<\/p>\n<\/div>\n<\/div>\n<\/div>\n<\/div>\n<\/div>\n<\/div>\n<\/div><div class=\"fusion-sep-clear\"><\/div><div class=\"fusion-separator fusion-full-width-sep\" style=\"margin-left: auto;margin-right: auto;width:100%;\"><\/div><div class=\"fusion-sep-clear\"><\/div><div class=\"fusion-text fusion-text-8\"><h3 id=\"ui-id-7\" class=\"clearfix eltd-title-holder ui-accordion-header ui-state-default ui-state-focus ui-accordion-header-active ui-state-active ui-corner-top ui-state-hover\" tabindex=\"0\" role=\"tab\" aria-controls=\"ui-id-8\" aria-selected=\"true\" aria-expanded=\"true\"><span class=\"eltd-tab-title\"><span class=\"eltd-tab-title-inner\">Visite du 6e mois de grossesse<\/span><\/span><\/h3>\n<div id=\"ui-id-8\" class=\"eltd-accordion-content ui-accordion-content ui-helper-reset ui-widget-content ui-corner-bottom ui-accordion-content-active\" role=\"tabpanel\" aria-labelledby=\"ui-id-7\" aria-hidden=\"false\">\n<div class=\"eltd-accordion-content-inner\">\n<div class=\"wpb_text_column wpb_content_element \">\n<div class=\"wpb_wrapper\">\n<p>Cet examen a lieu entre\u00a0<strong>25 et 29 SA.<\/strong>\u00a0C\u2019est le moment de vous reposer et de prendre davantage soin de vous. On examinera votre col de l\u2019ut\u00e9rus pour v\u00e9rifier qu\u2019il ne soit pas modifi\u00e9. On v\u00e9rifie aussi l\u2019<b>\u00e9volution du f\u0153tus et les battements du c\u0153ur<\/b>\u00a0de votre b\u00e9b\u00e9. Le sucre et l\u2019albumine seront \u00e0 nouveau recherch\u00e9s dans les urines. Vous discuterez des r\u00e9sultats de votre deuxi\u00e8me \u00e9chographie. Le test dit de O\u2019Sullivan vous sera prescrit pour \u00e9valuer votre r\u00e9ponse glyc\u00e9mique et rechercher un \u00e9ventuel diab\u00e8te gestationnel. C\u2019est aussi le moment de vous inscrire \u00e0 des s\u00e9ances de pr\u00e9paration \u00e0 l\u2019accouchement, \u00e0 l\u2019h\u00f4pital ou aupr\u00e8s d\u2019une sage-femme en lib\u00e9ral, vous \u00eates libres de choisir !<\/p>\n<\/div>\n<\/div>\n<\/div>\n<\/div>\n<\/div><div class=\"fusion-sep-clear\"><\/div><div class=\"fusion-separator fusion-full-width-sep\" style=\"margin-left: auto;margin-right: auto;width:100%;\"><\/div><div class=\"fusion-sep-clear\"><\/div><div class=\"fusion-text fusion-text-9\"><h3 id=\"ui-id-9\" class=\"clearfix eltd-title-holder ui-accordion-header ui-state-default ui-state-focus ui-accordion-header-active ui-state-active ui-corner-top\" tabindex=\"0\" role=\"tab\" aria-controls=\"ui-id-10\" aria-selected=\"true\" aria-expanded=\"true\"><span class=\"eltd-tab-title\"><span class=\"eltd-tab-title-inner\">Visite du 7e mois de grossesse<\/span><\/span><\/h3>\n<div id=\"ui-id-10\" class=\"eltd-accordion-content ui-accordion-content ui-helper-reset ui-widget-content ui-corner-bottom ui-accordion-content-active\" role=\"tabpanel\" aria-labelledby=\"ui-id-9\" aria-hidden=\"false\">\n<div class=\"eltd-accordion-content-inner\">\n<div class=\"wpb_text_column wpb_content_element \">\n<div class=\"wpb_wrapper\">\n<p>La visite a lieu entre\u00a0<strong>29 et 33 SA<\/strong>. Votre m\u00e9decin ou sage-femme continue de suivre votre grossesse avec l\u2019examen classique (pes\u00e9e, mesure de la hauteur ut\u00e9rine, mesure de la tension art\u00e9rielle, contr\u00f4le urinaire pour v\u00e9rifier albumine et glucose). L\u2019ut\u00e9rus grossit et la quantit\u00e9 de liquide amniotique augmente. On vous expliquera \u00e9galement ce que sont les contractions de grossesse : le ventre se serre, il est dur et cela peut provoquer une l\u00e9g\u00e8re douleur proche de celle des r\u00e8gles. Les contractions de travail pour l\u2019accouchement sont bien diff\u00e9rentes : douloureuses et rythm\u00e9es. Si cela arrive et \u00e0 la moindre inqui\u00e9tude, vous pouvez demander \u00e0 consulter et effectuer un monitoring pour v\u00e9rifier que tout est normal. \u00c0 ce stade, il est temps pour vous de prendre rendez-vous pour votre troisi\u00e8me et derni\u00e8re \u00e9chographie !<\/p>\n<\/div>\n<\/div>\n<\/div>\n<\/div>\n<\/div><div class=\"fusion-sep-clear\"><\/div><div class=\"fusion-separator fusion-full-width-sep\" style=\"margin-left: auto;margin-right: auto;width:100%;\"><\/div><div class=\"fusion-sep-clear\"><\/div><div class=\"fusion-text fusion-text-10\"><h3 id=\"ui-id-11\" class=\"clearfix eltd-title-holder ui-accordion-header ui-state-default ui-state-focus ui-accordion-header-active ui-state-active ui-corner-top\" tabindex=\"0\" role=\"tab\" aria-controls=\"ui-id-12\" aria-selected=\"true\" aria-expanded=\"true\"><span class=\"eltd-tab-title\"><span class=\"eltd-tab-title-inner\">Visite du 8e mois de grossesse<\/span><\/span><\/h3>\n<div id=\"ui-id-12\" class=\"eltd-accordion-content ui-accordion-content ui-helper-reset ui-widget-content ui-corner-bottom ui-accordion-content-active\" role=\"tabpanel\" aria-labelledby=\"ui-id-11\" aria-hidden=\"false\">\n<div class=\"eltd-accordion-content-inner\">\n<p class=\"wpb_wrapper\">Elle a lieu\u00a0<strong>entre 33 et 37 SA<\/strong>. L\u2019examen clinique sera identique aux pr\u00e9c\u00e9dents (nous imaginons que vous devez \u00eatre bien rod\u00e9e maintenant !). La sage-femme ou le m\u00e9decin va s\u2019assurer que le col de l\u2019ut\u00e9rus est bien ferm\u00e9 et ainsi pr\u00e9venir un risque d\u2019accouchement pr\u00e9matur\u00e9. On r\u00e9alise un\u00a0<strong>pr\u00e9l\u00e8vement vaginal<\/strong>\u00a0pour v\u00e9rifier l\u2019<strong>absence de streptocoque B<\/strong>. Pourquoi ? Parce que cette bact\u00e9rie pourrait \u00eatre dangereuse pour votre b\u00e9b\u00e9 et le contaminer.<br \/>\n\u00c0 ce stade de grossesse, il est toujours important de consulter au moindre signe inqui\u00e9tant (perte de liquide, de sang, diminution des mouvements de b\u00e9b\u00e9) ou en cas de contractions rapproch\u00e9es.<\/p>\n<\/div>\n<div><\/div>\n<h4 class=\"eltd-accordion-content-inner\">Consultation anesth\u00e9sie<\/h4>\n<div class=\"eltd-accordion-content-inner\">\n<p>Le 8e mois est aussi le moment pour prendre rendez-vous avec un anesth\u00e9siste. Que vous souhaitiez b\u00e9n\u00e9ficier d\u2019une p\u00e9ridurale ou pas, cette <strong>consultation est obligatoire<\/strong>. En effet, elle permet de r\u00e9aliser un bilan pr\u00e9alable\u00a0<strong>indispensable pour b\u00e9n\u00e9ficier d\u2019une anesth\u00e9sie<\/strong>(<strong>p\u00e9ridurale<\/strong>\u00a0ou\u00a0<strong>rachianesth\u00e9sie<\/strong>, notamment\u00a0<strong>en cas de c\u00e9sarienne en urgence<\/strong>). Si cette consultation n\u2019a pas \u00e9t\u00e9 faite, les examens biologiques devront \u00eatre r\u00e9alis\u00e9s le jour de l\u2019accouchement. Cela retardera votre prise en charge et peut vous mettre en danger.<br \/>\nLors de cette consultation, vous pourrez poser toutes les questions que vous souhaitez sur la p\u00e9ridurale, son mode op\u00e9ratoire, et comment (ou \u00e0 quel moment) vous souhaitez en b\u00e9n\u00e9ficier. Si vous ne souhaitez pas de p\u00e9ri, dites-le \u00e9galement \u00e0 ce moment-l\u00e0!<\/p>\n<h4>Derni\u00e8re \u00e9chographie<\/h4>\n<p>R\u00e9alis\u00e9e\u00a0<strong>entre 33 et 35 SA<\/strong>, elle permet d\u2019\u00e9valuer le poids et la taille de votre b\u00e9b\u00e9. Ne soyez pas fix\u00e9 sur les chiffres, les m\u00e9decins et sages-femmes savent que la marge d\u2019erreur est souvent encore grande. Votre \u201ctr\u00e8s gros\u201d ou \u201ctout petit\u201d b\u00e9b\u00e9 ne le sera pas forc\u00e9ment. On\u00a0<strong>observe comment le b\u00e9b\u00e9 se pr\u00e9sente<\/strong>\u00a0: soit en si\u00e8ge soit en position id\u00e9ale pour na\u00eetre : la t\u00eate en bas, le visage tourn\u00e9 contre la colonne vert\u00e9brale et le dos vers l\u2019avant. Le clich\u00e9 donne aussi des indications pr\u00e9cises sur l\u2019implantation du placenta.<\/p>\n<p>Si votre b\u00e9b\u00e9 est en si\u00e8ge ou si vous avez d\u00e9j\u00e0 subi une c\u00e9sarienne, une\u00a0<strong>pelvim\u00e9trie<\/strong>\u00a0vous sera prescrite. Cet examen permet de mesurer le bassin et v\u00e9rifier que la taille du b\u00e9b\u00e9 est compatible avec un accouchement par voie basse. Sachez que des man\u0153uvres sont possibles pour forcer le b\u00e9b\u00e9 \u00e0 se retourner et mettre la t\u00eate en bas, et qu\u2019un accouchement d\u2019un b\u00e9b\u00e9 en si\u00e8ge par voie basse est \u00e9galement possible, discutez-en avec votre sage-femme !<\/p>\n<\/div>\n<\/div>\n<\/div><div class=\"fusion-sep-clear\"><\/div><div class=\"fusion-separator fusion-full-width-sep\" style=\"margin-left: auto;margin-right: auto;width:100%;\"><\/div><div class=\"fusion-sep-clear\"><\/div><div class=\"fusion-text fusion-text-11\"><h3 id=\"ui-id-13\" class=\"clearfix eltd-title-holder ui-accordion-header ui-state-default ui-state-focus ui-accordion-header-active ui-state-active ui-corner-top\" tabindex=\"0\" role=\"tab\" aria-controls=\"ui-id-14\" aria-selected=\"true\" aria-expanded=\"true\">Derni\u00e8re visite du 9e mois de grossesse<\/h3>\n<p class=\"clearfix eltd-title-holder ui-accordion-header ui-state-default ui-state-focus ui-accordion-header-active ui-state-active ui-corner-top\" tabindex=\"0\" role=\"tab\" aria-controls=\"ui-id-14\" aria-selected=\"true\" aria-expanded=\"true\"><span style=\"font-size: 16px;\">Cet ultime rendez-vous a lieu \u00e0 partir de la\u00a0<\/span><strong style=\"font-size: 16px;\">37e semaine d\u2019am\u00e9norrh\u00e9e<\/strong><span style=\"font-size: 16px;\">\u00a0(ouf, c\u2019est bient\u00f4t fini !). Lors de cette consultation, les mesures de la hauteur ut\u00e9rine, de la tension, du poids et la recherche du sucre et de l\u2019albumine sont encore au programme. La longueur et la tonicit\u00e9 de votre col de l\u2019ut\u00e9rus renseignent sur la proximit\u00e9 de la naissance. La quantit\u00e9 de liquide amniotique sera contr\u00f4l\u00e9e ainsi que la vitalit\u00e9 de votre futur b\u00e9b\u00e9.<\/span><\/p>\n<\/div><div class=\"fusion-clearfix\"><\/div><\/div><\/div><\/div><\/div><div class=\"fusion-fullwidth fullwidth-box fusion-builder-row-6 nonhundred-percent-fullwidth non-hundred-percent-height-scrolling\" style=\"--awb-border-radius-top-left:0px;--awb-border-radius-top-right:0px;--awb-border-radius-bottom-right:0px;--awb-border-radius-bottom-left:0px;--awb-flex-wrap:wrap;\" ><div class=\"fusion-builder-row fusion-row\"><div class=\"fusion-layout-column fusion_builder_column fusion-builder-column-5 fusion_builder_column_1_1 1_1 fusion-one-full fusion-column-first fusion-column-last\" style=\"--awb-bg-size:cover;--awb-margin-top:0px;--awb-margin-bottom:0px;\"><div class=\"fusion-column-wrapper fusion-flex-column-wrapper-legacy\"><div class=\"fusion-title title fusion-title-2 fusion-sep-none fusion-title-text fusion-title-size-two\"><h2 class=\"fusion-title-heading title-heading-left fusion-responsive-typography-calculated\" style=\"margin:0;--fontSize:36;line-height:1.25;\"><h2>Examens biologiques obligatoires<\/h2><\/h2><\/div><div class=\"fusion-clearfix\"><\/div><\/div><\/div><\/div><\/div><div class=\"fusion-fullwidth fullwidth-box fusion-builder-row-7 nonhundred-percent-fullwidth non-hundred-percent-height-scrolling\" style=\"--awb-border-radius-top-left:0px;--awb-border-radius-top-right:0px;--awb-border-radius-bottom-right:0px;--awb-border-radius-bottom-left:0px;--awb-flex-wrap:wrap;\" ><div class=\"fusion-builder-row fusion-row\"><div class=\"fusion-layout-column fusion_builder_column fusion-builder-column-6 fusion_builder_column_1_1 1_1 fusion-one-full fusion-column-first fusion-column-last\" style=\"--awb-bg-size:cover;--awb-margin-top:0px;--awb-margin-bottom:0px;\"><div class=\"fusion-column-wrapper fusion-flex-column-wrapper-legacy\"><div class=\"fusion-text fusion-text-12\"><h3>Votre m\u00e9decin peut \u00eatre amen\u00e9 \u00e0 vous proposer d&rsquo;autres examens biologiques lors de votre grossesse :<\/h3>\n<div class=\"vc_row wpb_row vc_row-fluid eltd-section vc_custom_1491314098538 eltd-center-bck-image eltd-content-aligment-left eltd-parallax-section-holder eltd-parallax-section-holder-touch-disabled eltd-grid-section\" data-eltd-parallax-speed=\"1\" data-eltd-parallax-bgnd=\"&#091;\">\n<div class=\"clearfix eltd-section-inner\">\n<div class=\"eltd-section-inner-margin clearfix\">\n<div class=\"wpb_column vc_column_container vc_col-sm-11 vc_col-has-fill\">\n<div class=\"vc_column-inner vc_custom_1491310777837\">\n<div class=\"wpb_wrapper\">\n<div class=\"eltd-processes-holder eltd-five-columns eltd-process-dark clearfix eltd-appear-effect-yes\">\n<div class=\"eltd-process eltd-appeared\">\n<div class=\"eltd-process-content-wrapper\">\n<div class=\"eltd-process-content-holder\">\n<div class=\"eltd-process-content-holder-inner\"><span class=\"eltd-process-inner-text\"><strong>4\u00e8me mois<\/strong> : <\/span>Glycosurie et prot\u00e9inurie &#8211; Toxoplasmose si vous n&rsquo;\u00eates pas immunis\u00e9e<\/div>\n<\/div>\n<\/div>\n<\/div>\n<div class=\"eltd-process eltd-appeared\">\n<div class=\"eltd-process-content-wrapper\">\n<div class=\"eltd-process-content-holder\">\n<div class=\"eltd-process-content-overlay\"><\/div>\n<div class=\"eltd-process-content-holder-inner\"><span class=\"eltd-process-inner-text\"><strong>5\u00e8me mois<\/strong> : <\/span>Glycosurie et prot\u00e9inurie &#8211; Toxoplasmose si vous n&rsquo;\u00eates pas immunis\u00e9e<\/div>\n<\/div>\n<\/div>\n<\/div>\n<div class=\"eltd-process eltd-appeared\">\n<div class=\"eltd-process-content-wrapper\">\n<div class=\"eltd-process-content-holder\">\n<div class=\"eltd-process-content-overlay\"><\/div>\n<div class=\"eltd-process-content-holder-inner\"><span class=\"eltd-process-inner-text\"><strong>6\u00e8me mois<\/strong>\u00a0: <\/span>Glycosurie et prot\u00e9inurie &#8211; Toxoplasmose si vous n&rsquo;\u00eates pas immunis\u00e9e &#8211; RAI en cas de Rh\u00e9sus n\u00e9gatif &#8211; H\u00e9mogramme<\/div>\n<\/div>\n<\/div>\n<\/div>\n<div class=\"eltd-process eltd-appeared\">\n<div class=\"eltd-process-content-wrapper\">\n<div class=\"eltd-process-content-holder\">\n<div class=\"eltd-process-content-overlay\"><\/div>\n<div class=\"eltd-process-content-holder-inner\"><span class=\"eltd-process-inner-text\"><strong>7\u00e8me mois<\/strong> : <\/span>Glycosurie et prot\u00e9inurie &#8211; Toxoplasmose si vous n&rsquo;\u00eates pas immunis\u00e9e<\/div>\n<\/div>\n<\/div>\n<\/div>\n<div class=\"eltd-process eltd-appeared\">\n<div class=\"eltd-process-content-wrapper\">\n<div class=\"eltd-process-content-holder\">\n<div class=\"eltd-process-content-overlay\"><\/div>\n<div class=\"eltd-process-content-holder-inner\"><span class=\"eltd-process-inner-text\"><strong>8\u00e8me mois<\/strong> : <\/span>Glycosurie et prot\u00e9inurie &#8211; Toxoplasmose si vous n&rsquo;\u00eates pas immunis\u00e9e &#8211; RAI en cas de Rh\u00e9sus n\u00e9gatif &#8211; 2e d\u00e9termination (si non faite avant) du groupe sanguin<\/div>\n<\/div>\n<\/div>\n<\/div>\n<\/div>\n<div class=\"wpb_text_column wpb_content_element vc_custom_1491314337204\">\n<div class=\"wpb_wrapper\">\n<p><em><strong>Glycosurie<\/strong>\u00a0:\u00a0Recherche de glucose (bandelette urinaire)<\/em><br \/>\n<em><strong>Prot\u00e9inurie<\/strong>\u00a0:\u00a0Recherche d\u2019albumine (bandelette urinaire)<\/em><br \/>\n<em><strong>RAI<\/strong>\u00a0: Recherche d\u2019agglutinines irr\u00e9guli\u00e8res (prise de sang)<\/em><br \/>\n<em><strong>H\u00e9mogramme<\/strong>\u00a0ou NFS Numeration formule sanguine (prise de sang)<\/em><\/p>\n<\/div>\n<\/div>\n<\/div>\n<\/div>\n<\/div>\n<\/div>\n<\/div>\n<\/div>\n<\/div><div class=\"fusion-clearfix\"><\/div><\/div><\/div><\/div><\/div><div class=\"fusion-fullwidth fullwidth-box fusion-builder-row-8 nonhundred-percent-fullwidth non-hundred-percent-height-scrolling\" style=\"--awb-border-radius-top-left:0px;--awb-border-radius-top-right:0px;--awb-border-radius-bottom-right:0px;--awb-border-radius-bottom-left:0px;--awb-flex-wrap:wrap;\" ><div class=\"fusion-builder-row fusion-row\"><div class=\"fusion-layout-column fusion_builder_column fusion-builder-column-7 fusion_builder_column_1_1 1_1 fusion-one-full fusion-column-first fusion-column-last\" style=\"--awb-bg-size:cover;\"><div class=\"fusion-column-wrapper fusion-column-has-shadow fusion-flex-column-wrapper-legacy\"><div class=\"fusion-image-element in-legacy-container\" style=\"--awb-caption-title-font-family:var(--h2_typography-font-family);--awb-caption-title-font-weight:var(--h2_typography-font-weight);--awb-caption-title-font-style:var(--h2_typography-font-style);--awb-caption-title-size:var(--h2_typography-font-size);--awb-caption-title-transform:var(--h2_typography-text-transform);--awb-caption-title-line-height:var(--h2_typography-line-height);--awb-caption-title-letter-spacing:var(--h2_typography-letter-spacing);\"><span class=\" fusion-imageframe imageframe-none imageframe-2 hover-type-none\"><a class=\"fusion-no-lightbox\" href=\"https:\/\/www.hellocare.com\/\" target=\"_blank\" aria-label=\"consulter m\u00e9decins en ligne\" rel=\"noopener noreferrer\"><img decoding=\"async\" width=\"300\" height=\"130\" alt=\"prendre rendez-vous m\u00e9decins en ligne\" src=\"https:\/\/www.hellocare.com\/blog\/wp-content\/uploads\/2019\/03\/CTA_ge\u0301ne\u0301ralistes_spe\u0301cialites-.png\" data-orig-src=\"https:\/\/www.hellocare.com\/blog\/wp-content\/uploads\/2019\/03\/CTA_ge\u0301ne\u0301ralistes_spe\u0301cialites-.png\" class=\"lazyload img-responsive wp-image-27447\" srcset=\"data:image\/svg+xml,%3Csvg%20xmlns%3D%27http%3A%2F%2Fwww.w3.org%2F2000%2Fsvg%27%20width%3D%27768%27%20height%3D%27334%27%20viewBox%3D%270%200%20768%20334%27%3E%3Crect%20width%3D%27768%27%20height%3D%27334%27%20fill-opacity%3D%220%22%2F%3E%3C%2Fsvg%3E\" data-srcset=\"https:\/\/www.hellocare.com\/blog\/wp-content\/uploads\/2019\/03\/CTA_ge\u0301ne\u0301ralistes_spe\u0301cialites--200x87.png 200w, https:\/\/www.hellocare.com\/blog\/wp-content\/uploads\/2019\/03\/CTA_ge\u0301ne\u0301ralistes_spe\u0301cialites--400x174.png 400w, https:\/\/www.hellocare.com\/blog\/wp-content\/uploads\/2019\/03\/CTA_ge\u0301ne\u0301ralistes_spe\u0301cialites--600x261.png 600w, https:\/\/www.hellocare.com\/blog\/wp-content\/uploads\/2019\/03\/CTA_ge\u0301ne\u0301ralistes_spe\u0301cialites-.png 768w, https:\/\/www.hellocare.com\/blog\/wp-content\/uploads\/2019\/03\/CTA_ge\u0301ne\u0301ralistes_spe\u0301cialites--800x348.png 800w, https:\/\/www.hellocare.com\/blog\/wp-content\/uploads\/2019\/03\/CTA_ge\u0301ne\u0301ralistes_spe\u0301cialites--1200x522.png 1200w\" data-sizes=\"auto\" data-orig-sizes=\"(max-width: 1000px) 100vw, 300px\" \/><\/a><\/span><\/div><div class=\"fusion-clearfix\"><\/div><\/div><\/div><\/div><\/div><\/p>\n","protected":false},"excerpt":{"rendered":"<p>ient\u00f4t Maman ? C\u2019est le moment de prendre particuli\u00e8rement soin de vous ! Pendant neuf mois, vous allez<\/p>\n","protected":false},"author":28,"featured_media":23908,"comment_status":"closed","ping_status":"closed","sticky":false,"template":"","format":"standard","meta":{"_acf_changed":false,"inline_featured_image":false,"footnotes":""},"categories":[575],"tags":[],"class_list":["post-16041","post","type-post","status-publish","format-standard","has-post-thumbnail","hentry","category-sante-generale-medecine"],"acf":[],"yoast_head":"<!-- This site is optimized with the Yoast SEO Premium plugin v26.5 (Yoast SEO v27.5) - https:\/\/yoast.com\/product\/yoast-seo-premium-wordpress\/ -->\n<title>Calendrier de grossesse : Suivi mois apr\u00e8s mois<\/title>\n<meta name=\"description\" content=\"Conseils gyn\u00e9cologie, retrouvez ici votre calendrier de grossesse mois par mois d\u00e9taill\u00e9 par un m\u00e9decin, quels examens, pourquoi, quand ?\" \/>\n<meta name=\"robots\" content=\"index, follow, max-snippet:-1, max-image-preview:large, max-video-preview:-1\" \/>\n<link rel=\"canonical\" href=\"https:\/\/www.hellocare.com\/blog\/calendrier-de-grossesse\/\" \/>\n<meta property=\"og:locale\" content=\"fr_FR\" \/>\n<meta property=\"og:type\" content=\"article\" \/>\n<meta property=\"og:title\" content=\"Calendrier de grossesse : Suivi mois apr\u00e8s mois\" \/>\n<meta property=\"og:url\" content=\"https:\/\/www.hellocare.com\/blog\/calendrier-de-grossesse\/\" \/>\n<meta property=\"og:site_name\" content=\"Hellocare\" \/>\n<meta property=\"article:publisher\" content=\"https:\/\/www.facebook.com\/hellocareapp\/\" \/>\n<meta property=\"article:published_time\" content=\"2017-04-04T13:40:12+00:00\" \/>\n<meta property=\"article:modified_time\" content=\"2025-12-05T09:09:10+00:00\" \/>\n<meta property=\"og:image\" content=\"https:\/\/www.hellocare.com\/blog\/wp-content\/uploads\/2017\/04\/calendrier-grossesse.png\" \/>\n\t<meta property=\"og:image:width\" content=\"768\" \/>\n\t<meta property=\"og:image:height\" content=\"512\" \/>\n\t<meta property=\"og:image:type\" content=\"image\/png\" \/>\n<meta name=\"author\" content=\"Hellocare\" \/>\n<meta name=\"twitter:card\" content=\"summary_large_image\" \/>\n<meta name=\"twitter:creator\" content=\"@hellocareapp\" \/>\n<meta name=\"twitter:site\" content=\"@hellocareapp\" \/>\n<meta name=\"twitter:label1\" content=\"\u00c9crit par\" \/>\n\t<meta name=\"twitter:data1\" content=\"Hellocare\" \/>\n\t<meta name=\"twitter:label2\" content=\"Dur\u00e9e de lecture estim\u00e9e\" \/>\n\t<meta name=\"twitter:data2\" content=\"15 minutes\" \/>\n<script type=\"application\/ld+json\" class=\"yoast-schema-graph\">{\"@context\":\"https:\\\/\\\/schema.org\",\"@graph\":[{\"@type\":\"Article\",\"@id\":\"https:\\\/\\\/www.hellocare.com\\\/blog\\\/calendrier-de-grossesse\\\/#article\",\"isPartOf\":{\"@id\":\"https:\\\/\\\/www.hellocare.com\\\/blog\\\/calendrier-de-grossesse\\\/\"},\"author\":{\"name\":\"Hellocare\",\"@id\":\"https:\\\/\\\/www.hellocare.com\\\/blog\\\/#\\\/schema\\\/person\\\/8492c523f1a5dfe64a4cd21d019a9d1b\"},\"headline\":\"Calendrier de grossesse : Suivi mois apr\u00e8s mois\",\"datePublished\":\"2017-04-04T13:40:12+00:00\",\"dateModified\":\"2025-12-05T09:09:10+00:00\",\"mainEntityOfPage\":{\"@id\":\"https:\\\/\\\/www.hellocare.com\\\/blog\\\/calendrier-de-grossesse\\\/\"},\"wordCount\":4975,\"publisher\":{\"@id\":\"https:\\\/\\\/www.hellocare.com\\\/blog\\\/#organization\"},\"image\":{\"@id\":\"https:\\\/\\\/www.hellocare.com\\\/blog\\\/calendrier-de-grossesse\\\/#primaryimage\"},\"thumbnailUrl\":\"https:\\\/\\\/www.hellocare.com\\\/blog\\\/wp-content\\\/uploads\\\/2017\\\/04\\\/calendrier-grossesse.png\",\"articleSection\":[\"Sant\u00e9 g\u00e9n\u00e9rale &amp; M\u00e9decine\"],\"inLanguage\":\"fr-FR\"},{\"@type\":\"WebPage\",\"@id\":\"https:\\\/\\\/www.hellocare.com\\\/blog\\\/calendrier-de-grossesse\\\/\",\"url\":\"https:\\\/\\\/www.hellocare.com\\\/blog\\\/calendrier-de-grossesse\\\/\",\"name\":\"Calendrier de grossesse : Suivi mois apr\u00e8s mois\",\"isPartOf\":{\"@id\":\"https:\\\/\\\/www.hellocare.com\\\/blog\\\/#website\"},\"primaryImageOfPage\":{\"@id\":\"https:\\\/\\\/www.hellocare.com\\\/blog\\\/calendrier-de-grossesse\\\/#primaryimage\"},\"image\":{\"@id\":\"https:\\\/\\\/www.hellocare.com\\\/blog\\\/calendrier-de-grossesse\\\/#primaryimage\"},\"thumbnailUrl\":\"https:\\\/\\\/www.hellocare.com\\\/blog\\\/wp-content\\\/uploads\\\/2017\\\/04\\\/calendrier-grossesse.png\",\"datePublished\":\"2017-04-04T13:40:12+00:00\",\"dateModified\":\"2025-12-05T09:09:10+00:00\",\"description\":\"Conseils gyn\u00e9cologie, retrouvez ici votre calendrier de grossesse mois par mois d\u00e9taill\u00e9 par un m\u00e9decin, quels examens, pourquoi, quand ?\",\"breadcrumb\":{\"@id\":\"https:\\\/\\\/www.hellocare.com\\\/blog\\\/calendrier-de-grossesse\\\/#breadcrumb\"},\"inLanguage\":\"fr-FR\",\"potentialAction\":[{\"@type\":\"ReadAction\",\"target\":[\"https:\\\/\\\/www.hellocare.com\\\/blog\\\/calendrier-de-grossesse\\\/\"]}]},{\"@type\":\"ImageObject\",\"inLanguage\":\"fr-FR\",\"@id\":\"https:\\\/\\\/www.hellocare.com\\\/blog\\\/calendrier-de-grossesse\\\/#primaryimage\",\"url\":\"https:\\\/\\\/www.hellocare.com\\\/blog\\\/wp-content\\\/uploads\\\/2017\\\/04\\\/calendrier-grossesse.png\",\"contentUrl\":\"https:\\\/\\\/www.hellocare.com\\\/blog\\\/wp-content\\\/uploads\\\/2017\\\/04\\\/calendrier-grossesse.png\",\"width\":768,\"height\":512,\"caption\":\"calendrier grossesse\"},{\"@type\":\"BreadcrumbList\",\"@id\":\"https:\\\/\\\/www.hellocare.com\\\/blog\\\/calendrier-de-grossesse\\\/#breadcrumb\",\"itemListElement\":[{\"@type\":\"ListItem\",\"position\":1,\"name\":\"Accueil\",\"item\":\"https:\\\/\\\/www.hellocare.com\\\/blog\\\/\"},{\"@type\":\"ListItem\",\"position\":2,\"name\":\"Calendrier de grossesse : Suivi mois apr\u00e8s mois\"}]},{\"@type\":\"WebSite\",\"@id\":\"https:\\\/\\\/www.hellocare.com\\\/blog\\\/#website\",\"url\":\"https:\\\/\\\/www.hellocare.com\\\/blog\\\/\",\"name\":\"Hellocare\",\"description\":\"T\u00e9l\u00e9consultation et M\u00e9decin en ligne\",\"publisher\":{\"@id\":\"https:\\\/\\\/www.hellocare.com\\\/blog\\\/#organization\"},\"potentialAction\":[{\"@type\":\"SearchAction\",\"target\":{\"@type\":\"EntryPoint\",\"urlTemplate\":\"https:\\\/\\\/www.hellocare.com\\\/blog\\\/?s={search_term_string}\"},\"query-input\":{\"@type\":\"PropertyValueSpecification\",\"valueRequired\":true,\"valueName\":\"search_term_string\"}}],\"inLanguage\":\"fr-FR\"},{\"@type\":\"Organization\",\"@id\":\"https:\\\/\\\/www.hellocare.com\\\/blog\\\/#organization\",\"name\":\"Hellocare\",\"url\":\"https:\\\/\\\/www.hellocare.com\\\/blog\\\/\",\"logo\":{\"@type\":\"ImageObject\",\"inLanguage\":\"fr-FR\",\"@id\":\"https:\\\/\\\/www.hellocare.com\\\/blog\\\/#\\\/schema\\\/logo\\\/image\\\/\",\"url\":\"https:\\\/\\\/www.hellocare.com\\\/blog\\\/wp-content\\\/uploads\\\/2020\\\/04\\\/Logo_hellocare.png\",\"contentUrl\":\"https:\\\/\\\/www.hellocare.com\\\/blog\\\/wp-content\\\/uploads\\\/2020\\\/04\\\/Logo_hellocare.png\",\"width\":537,\"height\":431,\"caption\":\"Hellocare\"},\"image\":{\"@id\":\"https:\\\/\\\/www.hellocare.com\\\/blog\\\/#\\\/schema\\\/logo\\\/image\\\/\"},\"sameAs\":[\"https:\\\/\\\/www.facebook.com\\\/hellocareapp\\\/\",\"https:\\\/\\\/x.com\\\/hellocareapp\",\"https:\\\/\\\/www.instagram.com\\\/hellocareapp\",\"https:\\\/\\\/www.linkedin.com\\\/company\\\/hellocare---health-care-everywhere\"],\"description\":\"Sur Hellocare vous pouvez consulter des m\u00e9decins g\u00e9n\u00e9ralistes, des sp\u00e9cialistes ou des th\u00e9rapeutes disponibles pour tous, et rapidement !\",\"email\":\"hello@hellocare.com\",\"telephone\":\"04 85 80 00 23\",\"legalName\":\"Hellocare SAS\",\"foundingDate\":\"2016-06-24\",\"vatID\":\"FR68821232121\",\"taxID\":\"82123212100045\"},{\"@type\":\"Person\",\"@id\":\"https:\\\/\\\/www.hellocare.com\\\/blog\\\/#\\\/schema\\\/person\\\/8492c523f1a5dfe64a4cd21d019a9d1b\",\"name\":\"Hellocare\",\"image\":{\"@type\":\"ImageObject\",\"inLanguage\":\"fr-FR\",\"@id\":\"https:\\\/\\\/www.hellocare.com\\\/blog\\\/wp-content\\\/uploads\\\/2026\\\/01\\\/Logo_hellocare.png\",\"url\":\"https:\\\/\\\/www.hellocare.com\\\/blog\\\/wp-content\\\/uploads\\\/2026\\\/01\\\/Logo_hellocare.png\",\"contentUrl\":\"https:\\\/\\\/www.hellocare.com\\\/blog\\\/wp-content\\\/uploads\\\/2026\\\/01\\\/Logo_hellocare.png\",\"caption\":\"Hellocare\"},\"url\":\"https:\\\/\\\/www.hellocare.com\\\/blog\\\/author\\\/hellocare\\\/\"}]}<\/script>\n<!-- \/ Yoast SEO Premium plugin. -->","yoast_head_json":{"title":"Calendrier de grossesse : Suivi mois apr\u00e8s mois","description":"Conseils gyn\u00e9cologie, retrouvez ici votre calendrier de grossesse mois par mois d\u00e9taill\u00e9 par un m\u00e9decin, quels examens, pourquoi, quand ?","robots":{"index":"index","follow":"follow","max-snippet":"max-snippet:-1","max-image-preview":"max-image-preview:large","max-video-preview":"max-video-preview:-1"},"canonical":"https:\/\/www.hellocare.com\/blog\/calendrier-de-grossesse\/","og_locale":"fr_FR","og_type":"article","og_title":"Calendrier de grossesse : Suivi mois apr\u00e8s mois","og_url":"https:\/\/www.hellocare.com\/blog\/calendrier-de-grossesse\/","og_site_name":"Hellocare","article_publisher":"https:\/\/www.facebook.com\/hellocareapp\/","article_published_time":"2017-04-04T13:40:12+00:00","article_modified_time":"2025-12-05T09:09:10+00:00","og_image":[{"width":768,"height":512,"url":"https:\/\/www.hellocare.com\/blog\/wp-content\/uploads\/2017\/04\/calendrier-grossesse.png","type":"image\/png"}],"author":"Hellocare","twitter_card":"summary_large_image","twitter_creator":"@hellocareapp","twitter_site":"@hellocareapp","twitter_misc":{"\u00c9crit par":"Hellocare","Dur\u00e9e de lecture estim\u00e9e":"15 minutes"},"schema":{"@context":"https:\/\/schema.org","@graph":[{"@type":"Article","@id":"https:\/\/www.hellocare.com\/blog\/calendrier-de-grossesse\/#article","isPartOf":{"@id":"https:\/\/www.hellocare.com\/blog\/calendrier-de-grossesse\/"},"author":{"name":"Hellocare","@id":"https:\/\/www.hellocare.com\/blog\/#\/schema\/person\/8492c523f1a5dfe64a4cd21d019a9d1b"},"headline":"Calendrier de grossesse : Suivi mois apr\u00e8s mois","datePublished":"2017-04-04T13:40:12+00:00","dateModified":"2025-12-05T09:09:10+00:00","mainEntityOfPage":{"@id":"https:\/\/www.hellocare.com\/blog\/calendrier-de-grossesse\/"},"wordCount":4975,"publisher":{"@id":"https:\/\/www.hellocare.com\/blog\/#organization"},"image":{"@id":"https:\/\/www.hellocare.com\/blog\/calendrier-de-grossesse\/#primaryimage"},"thumbnailUrl":"https:\/\/www.hellocare.com\/blog\/wp-content\/uploads\/2017\/04\/calendrier-grossesse.png","articleSection":["Sant\u00e9 g\u00e9n\u00e9rale &amp; M\u00e9decine"],"inLanguage":"fr-FR"},{"@type":"WebPage","@id":"https:\/\/www.hellocare.com\/blog\/calendrier-de-grossesse\/","url":"https:\/\/www.hellocare.com\/blog\/calendrier-de-grossesse\/","name":"Calendrier de grossesse : Suivi mois apr\u00e8s mois","isPartOf":{"@id":"https:\/\/www.hellocare.com\/blog\/#website"},"primaryImageOfPage":{"@id":"https:\/\/www.hellocare.com\/blog\/calendrier-de-grossesse\/#primaryimage"},"image":{"@id":"https:\/\/www.hellocare.com\/blog\/calendrier-de-grossesse\/#primaryimage"},"thumbnailUrl":"https:\/\/www.hellocare.com\/blog\/wp-content\/uploads\/2017\/04\/calendrier-grossesse.png","datePublished":"2017-04-04T13:40:12+00:00","dateModified":"2025-12-05T09:09:10+00:00","description":"Conseils gyn\u00e9cologie, retrouvez ici votre calendrier de grossesse mois par mois d\u00e9taill\u00e9 par un m\u00e9decin, quels examens, pourquoi, quand ?","breadcrumb":{"@id":"https:\/\/www.hellocare.com\/blog\/calendrier-de-grossesse\/#breadcrumb"},"inLanguage":"fr-FR","potentialAction":[{"@type":"ReadAction","target":["https:\/\/www.hellocare.com\/blog\/calendrier-de-grossesse\/"]}]},{"@type":"ImageObject","inLanguage":"fr-FR","@id":"https:\/\/www.hellocare.com\/blog\/calendrier-de-grossesse\/#primaryimage","url":"https:\/\/www.hellocare.com\/blog\/wp-content\/uploads\/2017\/04\/calendrier-grossesse.png","contentUrl":"https:\/\/www.hellocare.com\/blog\/wp-content\/uploads\/2017\/04\/calendrier-grossesse.png","width":768,"height":512,"caption":"calendrier grossesse"},{"@type":"BreadcrumbList","@id":"https:\/\/www.hellocare.com\/blog\/calendrier-de-grossesse\/#breadcrumb","itemListElement":[{"@type":"ListItem","position":1,"name":"Accueil","item":"https:\/\/www.hellocare.com\/blog\/"},{"@type":"ListItem","position":2,"name":"Calendrier de grossesse : Suivi mois apr\u00e8s mois"}]},{"@type":"WebSite","@id":"https:\/\/www.hellocare.com\/blog\/#website","url":"https:\/\/www.hellocare.com\/blog\/","name":"Hellocare","description":"T\u00e9l\u00e9consultation et M\u00e9decin en ligne","publisher":{"@id":"https:\/\/www.hellocare.com\/blog\/#organization"},"potentialAction":[{"@type":"SearchAction","target":{"@type":"EntryPoint","urlTemplate":"https:\/\/www.hellocare.com\/blog\/?s={search_term_string}"},"query-input":{"@type":"PropertyValueSpecification","valueRequired":true,"valueName":"search_term_string"}}],"inLanguage":"fr-FR"},{"@type":"Organization","@id":"https:\/\/www.hellocare.com\/blog\/#organization","name":"Hellocare","url":"https:\/\/www.hellocare.com\/blog\/","logo":{"@type":"ImageObject","inLanguage":"fr-FR","@id":"https:\/\/www.hellocare.com\/blog\/#\/schema\/logo\/image\/","url":"https:\/\/www.hellocare.com\/blog\/wp-content\/uploads\/2020\/04\/Logo_hellocare.png","contentUrl":"https:\/\/www.hellocare.com\/blog\/wp-content\/uploads\/2020\/04\/Logo_hellocare.png","width":537,"height":431,"caption":"Hellocare"},"image":{"@id":"https:\/\/www.hellocare.com\/blog\/#\/schema\/logo\/image\/"},"sameAs":["https:\/\/www.facebook.com\/hellocareapp\/","https:\/\/x.com\/hellocareapp","https:\/\/www.instagram.com\/hellocareapp","https:\/\/www.linkedin.com\/company\/hellocare---health-care-everywhere"],"description":"Sur Hellocare vous pouvez consulter des m\u00e9decins g\u00e9n\u00e9ralistes, des sp\u00e9cialistes ou des th\u00e9rapeutes disponibles pour tous, et rapidement !","email":"hello@hellocare.com","telephone":"04 85 80 00 23","legalName":"Hellocare SAS","foundingDate":"2016-06-24","vatID":"FR68821232121","taxID":"82123212100045"},{"@type":"Person","@id":"https:\/\/www.hellocare.com\/blog\/#\/schema\/person\/8492c523f1a5dfe64a4cd21d019a9d1b","name":"Hellocare","image":{"@type":"ImageObject","inLanguage":"fr-FR","@id":"https:\/\/www.hellocare.com\/blog\/wp-content\/uploads\/2026\/01\/Logo_hellocare.png","url":"https:\/\/www.hellocare.com\/blog\/wp-content\/uploads\/2026\/01\/Logo_hellocare.png","contentUrl":"https:\/\/www.hellocare.com\/blog\/wp-content\/uploads\/2026\/01\/Logo_hellocare.png","caption":"Hellocare"},"url":"https:\/\/www.hellocare.com\/blog\/author\/hellocare\/"}]}},"_links":{"self":[{"href":"https:\/\/www.hellocare.com\/blog\/wp-json\/wp\/v2\/posts\/16041","targetHints":{"allow":["GET"]}}],"collection":[{"href":"https:\/\/www.hellocare.com\/blog\/wp-json\/wp\/v2\/posts"}],"about":[{"href":"https:\/\/www.hellocare.com\/blog\/wp-json\/wp\/v2\/types\/post"}],"author":[{"embeddable":true,"href":"https:\/\/www.hellocare.com\/blog\/wp-json\/wp\/v2\/users\/28"}],"replies":[{"embeddable":true,"href":"https:\/\/www.hellocare.com\/blog\/wp-json\/wp\/v2\/comments?post=16041"}],"version-history":[{"count":2,"href":"https:\/\/www.hellocare.com\/blog\/wp-json\/wp\/v2\/posts\/16041\/revisions"}],"predecessor-version":[{"id":36917,"href":"https:\/\/www.hellocare.com\/blog\/wp-json\/wp\/v2\/posts\/16041\/revisions\/36917"}],"wp:featuredmedia":[{"embeddable":true,"href":"https:\/\/www.hellocare.com\/blog\/wp-json\/wp\/v2\/media\/23908"}],"wp:attachment":[{"href":"https:\/\/www.hellocare.com\/blog\/wp-json\/wp\/v2\/media?parent=16041"}],"wp:term":[{"taxonomy":"category","embeddable":true,"href":"https:\/\/www.hellocare.com\/blog\/wp-json\/wp\/v2\/categories?post=16041"},{"taxonomy":"post_tag","embeddable":true,"href":"https:\/\/www.hellocare.com\/blog\/wp-json\/wp\/v2\/tags?post=16041"}],"curies":[{"name":"wp","href":"https:\/\/api.w.org\/{rel}","templated":true}]}}