{"id":18883,"date":"2017-09-21T15:18:03","date_gmt":"2017-09-21T13:18:03","guid":{"rendered":"https:\/\/hellocare.com\/?p=18883"},"modified":"2025-12-05T10:10:13","modified_gmt":"2025-12-05T09:10:13","slug":"schizophrenie-se-faire-aider","status":"publish","type":"post","link":"https:\/\/www.hellocare.com\/blog\/schizophrenie-se-faire-aider\/","title":{"rendered":"Schizophr\u00e9nie : Des voix dans la t\u00eate au quotidien"},"content":{"rendered":"<p><div class=\"fusion-fullwidth fullwidth-box fusion-builder-row-1 nonhundred-percent-fullwidth non-hundred-percent-height-scrolling\" style=\"--awb-border-radius-top-left:0px;--awb-border-radius-top-right:0px;--awb-border-radius-bottom-right:0px;--awb-border-radius-bottom-left:0px;--awb-flex-wrap:wrap;\" ><div class=\"fusion-builder-row fusion-row\"><div class=\"fusion-layout-column fusion_builder_column fusion-builder-column-0 fusion_builder_column_1_1 1_1 fusion-one-full fusion-column-first fusion-column-last\" style=\"--awb-bg-size:cover;\"><div class=\"fusion-column-wrapper fusion-column-has-shadow fusion-flex-column-wrapper-legacy\"><div class=\"fusion-text fusion-text-1\"><p><em>Par Adel Omouri, M\u00e9decin<\/em><\/p>\n<\/div><div class=\"fusion-clearfix\"><\/div><\/div><\/div><\/div><\/div><div class=\"fusion-fullwidth fullwidth-box fusion-builder-row-2 nonhundred-percent-fullwidth non-hundred-percent-height-scrolling\" style=\"--awb-border-radius-top-left:0px;--awb-border-radius-top-right:0px;--awb-border-radius-bottom-right:0px;--awb-border-radius-bottom-left:0px;--awb-flex-wrap:wrap;\" ><div class=\"fusion-builder-row fusion-row\"><div class=\"fusion-layout-column fusion_builder_column fusion-builder-column-1 fusion_builder_column_1_1 1_1 fusion-one-full fusion-column-first fusion-column-last\" style=\"--awb-bg-size:cover;\"><div class=\"fusion-column-wrapper fusion-column-has-shadow fusion-flex-column-wrapper-legacy\"><div class=\"fusion-text fusion-text-2\"><p><span style=\"font-size: regular;\"><span style=\"font-size: 18px; line-height: 1.6em; letter-spacing: 0px;\"><span class=\"fusion-dropcap dropcap\">Q<\/span>uand on parle de \u00ab schizophr\u00e9nie \u00bb, Fight Club ou Psychose \u00e9mergent dans l\u2019imaginaire collectif. C\u2019est pourtant une erreur : ces films mettent en sc\u00e8ne le trouble dissociatif de l\u2019identit\u00e9, beaucoup plus rare. Ce c\u00f4t\u00e9 \u00ab multi-faces \u00bb de la schizophr\u00e9nie d\u00e9coule en fait de tous les aspects qu\u2019elle peut rev\u00eatir, et sur lesquels nous allons faire lumi\u00e8re.<\/span><!--more--><\/span><\/p>\n<\/div><div class=\"fusion-clearfix\"><\/div><\/div><\/div><\/div><\/div><div class=\"fusion-fullwidth fullwidth-box fusion-builder-row-3 nonhundred-percent-fullwidth non-hundred-percent-height-scrolling\" style=\"--awb-border-radius-top-left:0px;--awb-border-radius-top-right:0px;--awb-border-radius-bottom-right:0px;--awb-border-radius-bottom-left:0px;--awb-flex-wrap:wrap;\" ><div class=\"fusion-builder-row fusion-row\"><div class=\"fusion-layout-column fusion_builder_column fusion-builder-column-2 fusion_builder_column_1_1 1_1 fusion-one-full fusion-column-first fusion-column-last\" style=\"--awb-bg-size:cover;\"><div class=\"fusion-column-wrapper fusion-column-has-shadow fusion-flex-column-wrapper-legacy\"><div class=\"fusion-image-element fusion-no-small-visibility in-legacy-container\" style=\"--awb-caption-title-font-family:var(--h2_typography-font-family);--awb-caption-title-font-weight:var(--h2_typography-font-weight);--awb-caption-title-font-style:var(--h2_typography-font-style);--awb-caption-title-size:var(--h2_typography-font-size);--awb-caption-title-transform:var(--h2_typography-text-transform);--awb-caption-title-line-height:var(--h2_typography-line-height);--awb-caption-title-letter-spacing:var(--h2_typography-letter-spacing);\"><span class=\" fusion-imageframe imageframe-none imageframe-1 hover-type-none\"><img decoding=\"async\" width=\"768\" height=\"541\" alt=\"Homme qui hurle le poing lev\u00e9\" title=\"Schizophrenie\" src=\"data:image\/svg+xml,%3Csvg%20xmlns%3D%27http%3A%2F%2Fwww.w3.org%2F2000%2Fsvg%27%20width%3D%27768%27%20height%3D%27541%27%20viewBox%3D%270%200%20768%20541%27%3E%3Crect%20width%3D%27768%27%20height%3D%27541%27%20fill-opacity%3D%220%22%2F%3E%3C%2Fsvg%3E\" data-orig-src=\"https:\/\/www.hellocare.com\/blog\/wp-content\/uploads\/2017\/09\/Schizophrenie.jpg\" class=\"lazyload img-responsive wp-image-24087\"\/><\/span><\/div><div class=\"fusion-clearfix\"><\/div><\/div><\/div><\/div><\/div><div class=\"fusion-fullwidth fullwidth-box fusion-builder-row-4 nonhundred-percent-fullwidth non-hundred-percent-height-scrolling\" style=\"--awb-border-radius-top-left:0px;--awb-border-radius-top-right:0px;--awb-border-radius-bottom-right:0px;--awb-border-radius-bottom-left:0px;--awb-flex-wrap:wrap;\" ><div class=\"fusion-builder-row fusion-row\"><div class=\"fusion-layout-column fusion_builder_column fusion-builder-column-3 fusion_builder_column_1_1 1_1 fusion-one-full fusion-column-first fusion-column-last\" style=\"--awb-bg-size:cover;--awb-margin-top:0px;--awb-margin-bottom:0px;\"><div class=\"fusion-column-wrapper fusion-flex-column-wrapper-legacy\"><div class=\"fusion-title title fusion-title-1 fusion-sep-none fusion-title-text fusion-title-size-two\"><h2 class=\"fusion-title-heading title-heading-left fusion-responsive-typography-calculated\" style=\"margin:0;--fontSize:36;line-height:1.25;\"><h2>C&rsquo;est quoi au juste ?<\/h2><\/h2><\/div><div class=\"fusion-clearfix\"><\/div><\/div><\/div><\/div><\/div><div class=\"fusion-fullwidth fullwidth-box fusion-builder-row-5 nonhundred-percent-fullwidth non-hundred-percent-height-scrolling\" style=\"--awb-border-radius-top-left:0px;--awb-border-radius-top-right:0px;--awb-border-radius-bottom-right:0px;--awb-border-radius-bottom-left:0px;--awb-flex-wrap:wrap;\" ><div class=\"fusion-builder-row fusion-row\"><div class=\"fusion-layout-column fusion_builder_column fusion-builder-column-4 fusion_builder_column_1_1 1_1 fusion-one-full fusion-column-first fusion-column-last\" style=\"--awb-bg-size:cover;--awb-margin-top:0px;--awb-margin-bottom:0px;\"><div class=\"fusion-column-wrapper fusion-flex-column-wrapper-legacy\"><div class=\"fusion-text fusion-text-3\"><div class=\"wpb_text_column wpb_content_element \">\n<div class=\"wpb_wrapper\">\n<h3>Donn\u00e9es actuelles de la science<\/h3>\n<p>Alors qu\u2019on la d\u00e9crit depuis plus d\u2019un si\u00e8cle et qu\u2019elle concerne pas moins de 1% de la population, on a encore du mal \u00e0 donner une d\u00e9finition tranch\u00e9e de cette maladie. Ceci s\u2019explique par un fait simple : d\u2019un patient \u00e0 l\u2019autre, les sympt\u00f4mes peuvent \u00eatre radicalement diff\u00e9rents. On distingue tout de m\u00eame trois \u00ab tableaux \u00bb pr\u00e9dominants :<\/p>\n<p>\u2013 le\u00a0<b>syndrome positif<\/b>\u00a0: ce sont des hallucinations (images, sons, sensations per\u00e7ues mais inexistantes) et des d\u00e9lires (id\u00e9es infond\u00e9es mais auxquelles les patients adh\u00e8rent). Les patients peuvent rapporter directement ces ph\u00e9nom\u00e8nes, ou y r\u00e9agir, parfois violemment (fugue, ob\u00e9issance \u00e0 une \u00ab voix \u00bb qui ordonne de sauter par la fen\u00eatre, agressivit\u00e9\u2026). Le terme de\u00a0<b>schizophr\u00e9nie parano\u00efde<\/b>\u00a0d\u00e9signe la forme de la maladie o\u00f9 ce syndrome est pr\u00e9dominant.<\/p>\n<p>\u2013 le\u00a0<b>syndrome n\u00e9gatif\u00a0<\/b>: les pens\u00e9es du patient ralentissent \u00e0 l\u2019extr\u00eame, ce qui se ressent sur la fa\u00e7on de parler et de r\u00e9pondre (qui devient pauvre, hach\u00e9e, \u00e9vasive). Ceci peut aussi s\u2019exprimer par le comportement : les patients restent alors enferm\u00e9s voire alit\u00e9s en permanence \u00e0 ne rien faire et \u00e0 ne voir personne.<\/p>\n<p>\u2013 le\u00a0<b>syndrome de d\u00e9sorganisation<\/b>\u00a0: les pens\u00e9es perdent compl\u00e8tement leur coh\u00e9rence. Pour garder l\u2019exemple de la parole, les phrases cons\u00e9cutives n\u2019ont plus aucun rapport entre elles, et m\u00eame les diff\u00e9rentes parties d\u2019une phrase peuvent \u00eatre d\u00e9saccord\u00e9es. On parle parfois de\u00a0<b>rel\u00e2chement associatif<\/b>. Lorsque ce syndrome pr\u00e9domine sur les autres, on parle de\u00a0<b>schizophr\u00e9nie h\u00e9b\u00e9phr\u00e9nique<\/b>.<\/p>\n<p>Outre ces trois syndromes de base, on peut retrouver au cours de la schizophr\u00e9nie la\u00a0<b>perte de l\u2019\u00e9vidence naturelle<\/b>. Ce concept, d\u00e9velopp\u00e9 par Wolfgang Blankenburg en 1991 dans \u201cPh\u00e4nomenologie als Grundlagendisziplin der Psychiatrie\u201d (La ph\u00e9nom\u00e9nologie en tant que discipline fondatrice de la psychiatrie), exprime un fait simple : au cours de cette maladie, le patient ne sait plus ce qui est \u00e9vident. En particulier, les patients peuvent \u00e9chouer \u00e0 distinguer ce qui fait partie d\u2019eux de ce qui leur est ext\u00e9rieur (ce qui peut expliquer par exemple le ph\u00e9nom\u00e8ne de voix intrusives). Les tr\u00e8s r\u00e9cents travaux d\u2019Anne Giersch (INSERM) mettent en \u00e9vidence une alt\u00e9ration de la\u00a0<b>pr\u00e9diction temporelle<\/b>\u00a0(socle de la capacit\u00e9 \u00e0 percevoir les \u00e9v\u00e9nements comme cons\u00e9cutifs et li\u00e9s les uns aux autres) : cette alt\u00e9ration pourrait bien \u00eatre \u00e0 l\u2019origine du ph\u00e9nom\u00e8ne d\u00e9crit par Blankenburg3\u00a0et plus g\u00e9n\u00e9ralement du syndrome de d\u00e9sorganisation. Ceci ouvre d\u2019ailleurs de nouvelles pistes de recherche pour mieux comprendre et combattre la schizophr\u00e9nie.<\/p>\n<p>Enfin, les patients peuvent aussi exp\u00e9rimenter des troubles de l\u2019humeur, des id\u00e9es suicidaires\u2026 En somme,\u00a0<b>tous les domaines de la sant\u00e9 mentale<\/b>\u00a0peuvent \u00eatre perturb\u00e9s.<\/p>\n<p>Plusieurs th\u00e9ories ont \u00e9t\u00e9 formul\u00e9es pour expliquer l\u2019origine de la schizophr\u00e9nie, mais on ne conna\u00eet pas de d\u00e9clencheur clair. Vraisemblablement, il s\u2019agit d\u2019une maladie\u00a0<b>plurifactorielle<\/b>. On cite une\u00a0<b>pr\u00e9disposition<\/b>\u00a0g\u00e9n\u00e9tique (h\u00e9r\u00e9ditaire ou non), la consommation de\u00a0<b>cannabis<\/b>1, ou encore les\u00a0<b>contextes psycho-sociaux d\u00e9l\u00e9t\u00e8res<\/b>\u00a0(migration en contexte de guerre, par exemple). Dans tous les cas, des alt\u00e9rations de la structure du cerveau ont \u00e9t\u00e9 observ\u00e9es chez des patients atteints (2).<\/p>\n<\/div>\n<\/div>\n<\/div><div class=\"fusion-sep-clear\"><\/div><div class=\"fusion-separator fusion-full-width-sep\" style=\"margin-left: auto;margin-right: auto;margin-bottom:5px;width:100%;\"><\/div><div class=\"fusion-sep-clear\"><\/div><div class=\"fusion-text fusion-text-4\"><div class=\"wpb_text_column wpb_content_element \">\n<div class=\"wpb_wrapper\">\n<h3 id=\"ui-id-1\" class=\"clearfix eltd-title-holder ui-accordion-header ui-state-default ui-accordion-header-active ui-state-active ui-corner-top\" tabindex=\"0\" role=\"tab\" aria-controls=\"ui-id-2\" aria-selected=\"true\" aria-expanded=\"true\"><span class=\"eltd-tab-title\"><span class=\"eltd-tab-title-inner\">Ce que vivent les patients<\/span><\/span><\/h3>\n<div id=\"ui-id-2\" class=\"eltd-accordion-content ui-accordion-content ui-helper-reset ui-widget-content ui-corner-bottom ui-accordion-content-active\" role=\"tabpanel\" aria-labelledby=\"ui-id-1\" aria-hidden=\"false\">\n<div class=\"eltd-accordion-content-inner\">\n<div class=\"wpb_text_column wpb_content_element \">\n<div class=\"wpb_wrapper\">\n<p>Comme vu plus haut, le tableau clinique de la schizophr\u00e9nie peut varier extr\u00eamement d\u2019un patient \u00e0 l\u2019autre. Ce n\u2019est pas d\u00fb qu\u2019aux types de sympt\u00f4mes : la gravit\u00e9 n\u2019est pas non plus la m\u00eame d\u2019une personne \u00e0 une autre. Il serait donc long et fastidieux de donner un aper\u00e7u de tous les v\u00e9cus possibles, mais voici quelques exemples :<\/p>\n<p>\u2013 les\u00a0<b>hallucinations<\/b>\u00a0peuvent \u00eatre v\u00e9cues comme des situations de menace permanente (il est assez rare qu\u2019elles aient une connotation positive). Certains patients voient une personne les poursuivre partout, d\u2019autres entendent des avertissements sur les gens autour d\u2019eux, comme un \u00ab il veut te tuer \u00bb \u00e0 la simple vue d\u2019un inconnu. Ces voix intrusives peuvent \u00eatre entendues comme \u00ab c\u2019est dans ma t\u00eate mais je sais que \u00e7a vient pas de moi \u00bb ou \u00ab comme si quelqu\u2019un parlait \u00e0 c\u00f4t\u00e9 de moi, mais il n\u2019y a personne \u00bb.<\/p>\n<p>\u2013 les\u00a0<b>id\u00e9es d\u00e9lirantes<\/b>\u00a0varient presque autant que les patients. Un th\u00e8me r\u00e9current est celui du\u00a0<b>contact avec le divin<\/b>, la conviction d\u2019avoir re\u00e7u une illumination qui justifie un comportement parfaitement incongru. Dans un autre registre, les patients peuvent par exemple \u00eatre convaincus que les pr\u00e9sentateurs essaient de leur faire passer un message en pr\u00e9sentant le journal \u00e0 la TV (on parle d\u2019<b>id\u00e9e de r\u00e9f\u00e9rence<\/b>).<\/p>\n<p>\u00c0 la difficult\u00e9 \u00e0 g\u00e9rer les sympt\u00f4mes s\u2019ajoutent les contraintes li\u00e9es aux\u00a0<b>traitements<\/b>. La schizophr\u00e9nie n\u00e9cessite en effet une prise m\u00e9dicamenteuse\u00a0<b>r\u00e9guli\u00e8re<\/b>\u00a0et\u00a0<b>longue<\/b>\u00a0(minimum 2 ans, parfois \u00e0 vie). Les alt\u00e9rations psychiques li\u00e9es \u00e0 la maladie peuvent en plus faire perdre de vue aux patients la n\u00e9cessit\u00e9 des m\u00e9dicaments, ou m\u00eame les convaincre qu\u2019il s\u2019agit d\u2019une tentative d\u2019empoisonnement. Un concert d\u00e9licat entre le m\u00e9decin traitant, le psychiatre, l\u2019infirmier et la famille s\u2019av\u00e8re souvent n\u00e9cessaire pour assurer la bonne prise des m\u00e9dicaments le temps que le fonctionnement mental s\u2019am\u00e9liore. C\u2019est encore plus vrai lorsqu\u2019il est n\u00e9cessaire de changer les prescriptions \u00e0 cause d\u2019un effet secondaire ou d\u2019une inefficacit\u00e9\u2026<\/p>\n<p>Enfin, l\u2019<b>impact social\u00a0<\/b>est tout sauf n\u00e9gligeable. Les proches des patients atteints de schizophr\u00e9nie peuvent avoir l\u2019impression de ne plus reconna\u00eetre la personne, de ne plus se sentir en s\u00e9curit\u00e9 \u00e0 sa proximit\u00e9. Les p\u00e9riodes o\u00f9 les sympt\u00f4mes sont intenses peuvent par ailleurs dresser encore un obstacle \u00e0 la compr\u00e9hension de ce que ressent le patient. Les hospitalisations, parfois r\u00e9currentes et longues, n\u2019aident pas \u00e0 maintenir un cercle d\u2019amis ou des relations familiales satisfaisants. Et si les m\u00e9dicaments font effet et que la personne revient \u00e0 un \u00e9tat proche de celui auquel on est habitu\u00e9, la question \u00ab mais si \u00e7a recommen\u00e7ait ? \u00bb subsiste et peut inqui\u00e9ter.<\/p>\n<\/div>\n<\/div>\n<\/div>\n<\/div>\n<\/div>\n<\/div>\n<\/div><div class=\"fusion-sep-clear\"><\/div><div class=\"fusion-separator fusion-full-width-sep\" style=\"margin-left: auto;margin-right: auto;margin-bottom:5px;width:100%;\"><\/div><div class=\"fusion-sep-clear\"><\/div><div class=\"fusion-text fusion-text-5\"><div class=\"wpb_text_column wpb_content_element \">\n<div class=\"wpb_wrapper\">\n<h3 id=\"ui-id-3\" class=\"clearfix eltd-title-holder ui-accordion-header ui-state-default ui-accordion-header-active ui-state-active ui-corner-top ui-state-hover\" tabindex=\"0\" role=\"tab\" aria-controls=\"ui-id-4\" aria-selected=\"true\" aria-expanded=\"true\"><span class=\"eltd-tab-title\"><span class=\"eltd-tab-title-inner\">Que faire si vous (ou un de vos proches) souffrez de schizophr\u00e9nie ?<\/span><\/span><\/h3>\n<div id=\"ui-id-4\" class=\"eltd-accordion-content ui-accordion-content ui-helper-reset ui-widget-content ui-corner-bottom ui-accordion-content-active\" role=\"tabpanel\" aria-labelledby=\"ui-id-3\" aria-hidden=\"false\">\n<div class=\"eltd-accordion-content-inner\">\n<div class=\"wpb_text_column wpb_content_element \">\n<div class=\"wpb_wrapper\">\n<p>Les recherches sur cette maladie continuent activement et les \u00e9l\u00e9ments explicatifs se multiplient. Les m\u00e9dicaments sont de mieux en mieux ma\u00eetris\u00e9s et connus. D\u2019o\u00f9 la n\u00e9cessit\u00e9 de prendre son traitement de fa\u00e7on r\u00e9guli\u00e8re \u2013 rien que \u00e7a, c\u2019est d\u00e9j\u00e0 colossal.<\/p>\n<p>Pour le patient, des\u00a0<b>groupes d\u2019entraide mutuelle<\/b>\u00a0(les\u00a0<b>GEM<\/b>) existent dans toutes les villes en France o\u00f9 des anciens patients ayant r\u00e9ussi \u00e0 vivre avec la maladie organisent des rencontres o\u00f9 les patients \u00e9changent sur ce qu\u2019ils vivent, leurs sympt\u00f4mes et sur la mani\u00e8re dont chacun y fait face au jour le jour. Ce sont des aides pr\u00e9cieuses qui permettent aux patients de constater qu\u2019ils ne sont pas les seuls et aident \u00e0 sortir de l\u2019isolement social et affectif.<\/p>\n<p>Pour les proches, l\u2019un des points les plus difficiles \u00e0 accepter est que l\u2019int\u00e9r\u00eat du patient peut \u00eatre servi par des actes douloureux pour lui : hospitalisation sans consentement, secteur ferm\u00e9\u2026 Pour cela, en tant que proche et en tant que patient, il est important d\u2019avoir une relation de confiance avec le psychiatre, meilleur conseiller possible dans ces situations.<\/p>\n<p>Enfin, et c\u2019est vrai pour toutes les pathologies chroniques, veillez \u00e0 prendre soin de vous. \u00ab L\u2019aide aux aidants \u00bb, cruciale, consiste \u00e0 m\u00e9nager les proches pour mieux soigner les patients. Si vous-m\u00eames pensez ne pas disposer du soutien n\u00e9cessaire aupr\u00e8s de votre famille pour r\u00e9partir les r\u00f4les, les assistantes sociales, les psychiatres de secteurs sont autant d\u2019alli\u00e9s vers lesquels vous tourner.<\/p>\n<p>Il existe de nombreuses associations qui m\u00e8nent des actions d\u2019information et de sensibilisation. Le site<a href=\"https:\/\/www.ma-schizophrenie.com\/\">\u00a0https:\/\/www.ma-schizophrenie.com\/<\/a>\u00a0regroupe \u00e0 la fois des noms d\u2019associations et des conseils pour mieux vivre la maladie ou aider son proche atteint de schizophr\u00e9nie.<\/p>\n<\/div>\n<\/div>\n<\/div>\n<\/div>\n<\/div>\n<\/div>\n<\/div><div class=\"fusion-sep-clear\"><\/div><div class=\"fusion-separator fusion-full-width-sep\" style=\"margin-left: auto;margin-right: auto;margin-bottom:5px;width:100%;\"><\/div><div class=\"fusion-sep-clear\"><\/div><div class=\"fusion-text fusion-text-6\"><div class=\"wpb_text_column wpb_content_element \">\n<div class=\"wpb_wrapper\">\n<h4>Sources<\/h4>\n<p>1\u00a0: Brice Martin, Nicolas Franck, Michel Cermolacce, Agn\u00e8s Falco, Anabel Benair, Estelle Etienne, S\u00e9bastien Weibel, Jennifer T. Coull &amp; Anne Giersch : Fragile temporal prediction in patients with schizophrenia is related to minimal self disorders<\/p>\n<p>2\u00a0: Hall W, Degenhardt L, Teesson M : Cannabis use and psychotic disorders: an update<\/p>\n<p>3 :\u00a0Lynn E. DeLisi, MD &amp; al. : Understanding structural brain changes in schizophrenia<\/p>\n<\/div>\n<\/div>\n<\/div><div class=\"fusion-clearfix\"><\/div><\/div><\/div><\/div><\/div><div class=\"fusion-fullwidth fullwidth-box fusion-builder-row-6 nonhundred-percent-fullwidth non-hundred-percent-height-scrolling\" style=\"--awb-border-radius-top-left:0px;--awb-border-radius-top-right:0px;--awb-border-radius-bottom-right:0px;--awb-border-radius-bottom-left:0px;--awb-margin-top:5%;--awb-margin-bottom:5%;--awb-flex-wrap:wrap;\" ><div class=\"fusion-builder-row fusion-row\"><div class=\"fusion-layout-column fusion_builder_column fusion-builder-column-5 fusion_builder_column_1_1 1_1 fusion-one-full fusion-column-first fusion-column-last\" style=\"--awb-bg-size:cover;\"><div class=\"fusion-column-wrapper fusion-column-has-shadow fusion-flex-column-wrapper-legacy\"><div class=\"fusion-text fusion-text-7\"><p><em><a href=\"https:\/\/www.hellocare.com\" target=\"_blank\" rel=\"noopener noreferrer\">&gt; Pour levez le doute sur votre \u00e9tat de sant\u00e9, parlez \u00e0 un m\u00e9decin sans rdv<\/a><\/em><\/p>\n<\/div><div class=\"fusion-clearfix\"><\/div><\/div><\/div><\/div><\/div><div class=\"fusion-fullwidth fullwidth-box fusion-builder-row-7 nonhundred-percent-fullwidth non-hundred-percent-height-scrolling\" style=\"--awb-border-radius-top-left:0px;--awb-border-radius-top-right:0px;--awb-border-radius-bottom-right:0px;--awb-border-radius-bottom-left:0px;--awb-flex-wrap:wrap;\" ><div class=\"fusion-builder-row fusion-row\"><div class=\"fusion-layout-column fusion_builder_column fusion-builder-column-6 fusion_builder_column_1_1 1_1 fusion-one-full fusion-column-first fusion-column-last\" style=\"--awb-bg-size:cover;\"><div class=\"fusion-column-wrapper fusion-column-has-shadow fusion-flex-column-wrapper-legacy\"><div class=\"fusion-image-element in-legacy-container\" style=\"--awb-caption-title-font-family:var(--h2_typography-font-family);--awb-caption-title-font-weight:var(--h2_typography-font-weight);--awb-caption-title-font-style:var(--h2_typography-font-style);--awb-caption-title-size:var(--h2_typography-font-size);--awb-caption-title-transform:var(--h2_typography-text-transform);--awb-caption-title-line-height:var(--h2_typography-line-height);--awb-caption-title-letter-spacing:var(--h2_typography-letter-spacing);\"><span class=\" fusion-imageframe imageframe-none imageframe-2 hover-type-none\"><a class=\"fusion-no-lightbox\" href=\"https:\/\/www.hellocare.com\/\" target=\"_blank\" aria-label=\"consultation-medecin-en-ligne-hellocare\" rel=\"noopener noreferrer\"><img decoding=\"async\" width=\"768\" height=\"334\" alt=\"consulter un medecin en ligne hellocare\" src=\"data:image\/svg+xml,%3Csvg%20xmlns%3D%27http%3A%2F%2Fwww.w3.org%2F2000%2Fsvg%27%20width%3D%27768%27%20height%3D%27334%27%20viewBox%3D%270%200%20768%20334%27%3E%3Crect%20width%3D%27768%27%20height%3D%27334%27%20fill-opacity%3D%220%22%2F%3E%3C%2Fsvg%3E\" data-orig-src=\"https:\/\/www.hellocare.com\/blog\/wp-content\/uploads\/2019\/06\/consultation-medecin-en-ligne-hellocare-1.jpg\" class=\"lazyload img-responsive wp-image-23483\"\/><\/a><\/span><\/div><div class=\"fusion-clearfix\"><\/div><\/div><\/div><\/div><\/div><\/p>\n","protected":false},"excerpt":{"rendered":"<p>uand on parle de \u00ab schizophr\u00e9nie \u00bb, Fight Club ou Psychose \u00e9mergent dans l\u2019imaginaire collectif. C\u2019est pourtant une<\/p>\n","protected":false},"author":28,"featured_media":24087,"comment_status":"closed","ping_status":"closed","sticky":false,"template":"","format":"standard","meta":{"_acf_changed":false,"inline_featured_image":false,"footnotes":""},"categories":[541],"tags":[],"class_list":["post-18883","post","type-post","status-publish","format-standard","has-post-thumbnail","hentry","category-sante-mentale-bien-etre"],"acf":[],"yoast_head":"<!-- This site is optimized with the Yoast SEO Premium plugin v26.5 (Yoast SEO v27.5) - https:\/\/yoast.com\/product\/yoast-seo-premium-wordpress\/ -->\n<title>Schizophr\u00e9nie : Des voix dans la t\u00eate au quotidien<\/title>\n<meta name=\"description\" content=\"Quand on parle de \u00ab schizophr\u00e9nie \u00bb, Fight Club ou Psychose \u00e9mergent dans l&#039;imaginaire collectif. C&#039;est pourtant une erreur, il s&#039;agit de toute autre chose\" \/>\n<meta name=\"robots\" content=\"index, follow, max-snippet:-1, max-image-preview:large, max-video-preview:-1\" \/>\n<link rel=\"canonical\" href=\"https:\/\/www.hellocare.com\/blog\/schizophrenie-se-faire-aider\/\" \/>\n<meta property=\"og:locale\" content=\"fr_FR\" \/>\n<meta property=\"og:type\" content=\"article\" \/>\n<meta property=\"og:title\" content=\"Schizophr\u00e9nie : Des voix dans la t\u00eate au quotidien\" \/>\n<meta property=\"og:url\" content=\"https:\/\/www.hellocare.com\/blog\/schizophrenie-se-faire-aider\/\" \/>\n<meta property=\"og:site_name\" content=\"Hellocare\" \/>\n<meta property=\"article:publisher\" content=\"https:\/\/www.facebook.com\/hellocareapp\/\" \/>\n<meta property=\"article:published_time\" content=\"2017-09-21T13:18:03+00:00\" \/>\n<meta property=\"article:modified_time\" content=\"2025-12-05T09:10:13+00:00\" \/>\n<meta property=\"og:image\" content=\"https:\/\/www.hellocare.com\/blog\/wp-content\/uploads\/2017\/09\/Schizophrenie.jpg\" \/>\n\t<meta property=\"og:image:width\" content=\"768\" \/>\n\t<meta property=\"og:image:height\" content=\"541\" \/>\n\t<meta property=\"og:image:type\" content=\"image\/jpeg\" \/>\n<meta name=\"author\" content=\"Hellocare\" \/>\n<meta name=\"twitter:card\" content=\"summary_large_image\" \/>\n<meta name=\"twitter:creator\" content=\"@hellocareapp\" \/>\n<meta name=\"twitter:site\" content=\"@hellocareapp\" \/>\n<meta name=\"twitter:label1\" content=\"\u00c9crit par\" \/>\n\t<meta name=\"twitter:data1\" content=\"Hellocare\" \/>\n\t<meta name=\"twitter:label2\" content=\"Dur\u00e9e de lecture estim\u00e9e\" \/>\n\t<meta name=\"twitter:data2\" content=\"17 minutes\" \/>\n<script type=\"application\/ld+json\" class=\"yoast-schema-graph\">{\"@context\":\"https:\\\/\\\/schema.org\",\"@graph\":[{\"@type\":\"Article\",\"@id\":\"https:\\\/\\\/www.hellocare.com\\\/blog\\\/schizophrenie-se-faire-aider\\\/#article\",\"isPartOf\":{\"@id\":\"https:\\\/\\\/www.hellocare.com\\\/blog\\\/schizophrenie-se-faire-aider\\\/\"},\"author\":{\"name\":\"Hellocare\",\"@id\":\"https:\\\/\\\/www.hellocare.com\\\/blog\\\/#\\\/schema\\\/person\\\/8492c523f1a5dfe64a4cd21d019a9d1b\"},\"headline\":\"Schizophr\u00e9nie : Des voix dans la t\u00eate au quotidien\",\"datePublished\":\"2017-09-21T13:18:03+00:00\",\"dateModified\":\"2025-12-05T09:10:13+00:00\",\"mainEntityOfPage\":{\"@id\":\"https:\\\/\\\/www.hellocare.com\\\/blog\\\/schizophrenie-se-faire-aider\\\/\"},\"wordCount\":3353,\"publisher\":{\"@id\":\"https:\\\/\\\/www.hellocare.com\\\/blog\\\/#organization\"},\"image\":{\"@id\":\"https:\\\/\\\/www.hellocare.com\\\/blog\\\/schizophrenie-se-faire-aider\\\/#primaryimage\"},\"thumbnailUrl\":\"https:\\\/\\\/www.hellocare.com\\\/blog\\\/wp-content\\\/uploads\\\/2017\\\/09\\\/Schizophrenie.jpg\",\"articleSection\":[\"Sant\u00e9 Mentale &amp; Bien-\u00eatre\"],\"inLanguage\":\"fr-FR\"},{\"@type\":\"WebPage\",\"@id\":\"https:\\\/\\\/www.hellocare.com\\\/blog\\\/schizophrenie-se-faire-aider\\\/\",\"url\":\"https:\\\/\\\/www.hellocare.com\\\/blog\\\/schizophrenie-se-faire-aider\\\/\",\"name\":\"Schizophr\u00e9nie : Des voix dans la t\u00eate au quotidien\",\"isPartOf\":{\"@id\":\"https:\\\/\\\/www.hellocare.com\\\/blog\\\/#website\"},\"primaryImageOfPage\":{\"@id\":\"https:\\\/\\\/www.hellocare.com\\\/blog\\\/schizophrenie-se-faire-aider\\\/#primaryimage\"},\"image\":{\"@id\":\"https:\\\/\\\/www.hellocare.com\\\/blog\\\/schizophrenie-se-faire-aider\\\/#primaryimage\"},\"thumbnailUrl\":\"https:\\\/\\\/www.hellocare.com\\\/blog\\\/wp-content\\\/uploads\\\/2017\\\/09\\\/Schizophrenie.jpg\",\"datePublished\":\"2017-09-21T13:18:03+00:00\",\"dateModified\":\"2025-12-05T09:10:13+00:00\",\"description\":\"Quand on parle de \u00ab schizophr\u00e9nie \u00bb, Fight Club ou Psychose \u00e9mergent dans l'imaginaire collectif. C'est pourtant une erreur, il s'agit de toute autre chose\",\"breadcrumb\":{\"@id\":\"https:\\\/\\\/www.hellocare.com\\\/blog\\\/schizophrenie-se-faire-aider\\\/#breadcrumb\"},\"inLanguage\":\"fr-FR\",\"potentialAction\":[{\"@type\":\"ReadAction\",\"target\":[\"https:\\\/\\\/www.hellocare.com\\\/blog\\\/schizophrenie-se-faire-aider\\\/\"]}]},{\"@type\":\"ImageObject\",\"inLanguage\":\"fr-FR\",\"@id\":\"https:\\\/\\\/www.hellocare.com\\\/blog\\\/schizophrenie-se-faire-aider\\\/#primaryimage\",\"url\":\"https:\\\/\\\/www.hellocare.com\\\/blog\\\/wp-content\\\/uploads\\\/2017\\\/09\\\/Schizophrenie.jpg\",\"contentUrl\":\"https:\\\/\\\/www.hellocare.com\\\/blog\\\/wp-content\\\/uploads\\\/2017\\\/09\\\/Schizophrenie.jpg\",\"width\":768,\"height\":541,\"caption\":\"Homme qui hurle le poing lev\u00e9\"},{\"@type\":\"BreadcrumbList\",\"@id\":\"https:\\\/\\\/www.hellocare.com\\\/blog\\\/schizophrenie-se-faire-aider\\\/#breadcrumb\",\"itemListElement\":[{\"@type\":\"ListItem\",\"position\":1,\"name\":\"Accueil\",\"item\":\"https:\\\/\\\/www.hellocare.com\\\/blog\\\/\"},{\"@type\":\"ListItem\",\"position\":2,\"name\":\"Schizophr\u00e9nie : Des voix dans la t\u00eate au quotidien\"}]},{\"@type\":\"WebSite\",\"@id\":\"https:\\\/\\\/www.hellocare.com\\\/blog\\\/#website\",\"url\":\"https:\\\/\\\/www.hellocare.com\\\/blog\\\/\",\"name\":\"Hellocare\",\"description\":\"T\u00e9l\u00e9consultation et M\u00e9decin en ligne\",\"publisher\":{\"@id\":\"https:\\\/\\\/www.hellocare.com\\\/blog\\\/#organization\"},\"potentialAction\":[{\"@type\":\"SearchAction\",\"target\":{\"@type\":\"EntryPoint\",\"urlTemplate\":\"https:\\\/\\\/www.hellocare.com\\\/blog\\\/?s={search_term_string}\"},\"query-input\":{\"@type\":\"PropertyValueSpecification\",\"valueRequired\":true,\"valueName\":\"search_term_string\"}}],\"inLanguage\":\"fr-FR\"},{\"@type\":\"Organization\",\"@id\":\"https:\\\/\\\/www.hellocare.com\\\/blog\\\/#organization\",\"name\":\"Hellocare\",\"url\":\"https:\\\/\\\/www.hellocare.com\\\/blog\\\/\",\"logo\":{\"@type\":\"ImageObject\",\"inLanguage\":\"fr-FR\",\"@id\":\"https:\\\/\\\/www.hellocare.com\\\/blog\\\/#\\\/schema\\\/logo\\\/image\\\/\",\"url\":\"https:\\\/\\\/www.hellocare.com\\\/blog\\\/wp-content\\\/uploads\\\/2020\\\/04\\\/Logo_hellocare.png\",\"contentUrl\":\"https:\\\/\\\/www.hellocare.com\\\/blog\\\/wp-content\\\/uploads\\\/2020\\\/04\\\/Logo_hellocare.png\",\"width\":537,\"height\":431,\"caption\":\"Hellocare\"},\"image\":{\"@id\":\"https:\\\/\\\/www.hellocare.com\\\/blog\\\/#\\\/schema\\\/logo\\\/image\\\/\"},\"sameAs\":[\"https:\\\/\\\/www.facebook.com\\\/hellocareapp\\\/\",\"https:\\\/\\\/x.com\\\/hellocareapp\",\"https:\\\/\\\/www.instagram.com\\\/hellocareapp\",\"https:\\\/\\\/www.linkedin.com\\\/company\\\/hellocare---health-care-everywhere\"],\"description\":\"Sur Hellocare vous pouvez consulter des m\u00e9decins g\u00e9n\u00e9ralistes, des sp\u00e9cialistes ou des th\u00e9rapeutes disponibles pour tous, et rapidement !\",\"email\":\"hello@hellocare.com\",\"telephone\":\"04 85 80 00 23\",\"legalName\":\"Hellocare SAS\",\"foundingDate\":\"2016-06-24\",\"vatID\":\"FR68821232121\",\"taxID\":\"82123212100045\"},{\"@type\":\"Person\",\"@id\":\"https:\\\/\\\/www.hellocare.com\\\/blog\\\/#\\\/schema\\\/person\\\/8492c523f1a5dfe64a4cd21d019a9d1b\",\"name\":\"Hellocare\",\"image\":{\"@type\":\"ImageObject\",\"inLanguage\":\"fr-FR\",\"@id\":\"https:\\\/\\\/www.hellocare.com\\\/blog\\\/wp-content\\\/uploads\\\/2026\\\/01\\\/Logo_hellocare.png\",\"url\":\"https:\\\/\\\/www.hellocare.com\\\/blog\\\/wp-content\\\/uploads\\\/2026\\\/01\\\/Logo_hellocare.png\",\"contentUrl\":\"https:\\\/\\\/www.hellocare.com\\\/blog\\\/wp-content\\\/uploads\\\/2026\\\/01\\\/Logo_hellocare.png\",\"caption\":\"Hellocare\"},\"url\":\"https:\\\/\\\/www.hellocare.com\\\/blog\\\/author\\\/hellocare\\\/\"}]}<\/script>\n<!-- \/ Yoast SEO Premium plugin. -->","yoast_head_json":{"title":"Schizophr\u00e9nie : Des voix dans la t\u00eate au quotidien","description":"Quand on parle de \u00ab schizophr\u00e9nie \u00bb, Fight Club ou Psychose \u00e9mergent dans l'imaginaire collectif. C'est pourtant une erreur, il s'agit de toute autre chose","robots":{"index":"index","follow":"follow","max-snippet":"max-snippet:-1","max-image-preview":"max-image-preview:large","max-video-preview":"max-video-preview:-1"},"canonical":"https:\/\/www.hellocare.com\/blog\/schizophrenie-se-faire-aider\/","og_locale":"fr_FR","og_type":"article","og_title":"Schizophr\u00e9nie : Des voix dans la t\u00eate au quotidien","og_url":"https:\/\/www.hellocare.com\/blog\/schizophrenie-se-faire-aider\/","og_site_name":"Hellocare","article_publisher":"https:\/\/www.facebook.com\/hellocareapp\/","article_published_time":"2017-09-21T13:18:03+00:00","article_modified_time":"2025-12-05T09:10:13+00:00","og_image":[{"width":768,"height":541,"url":"https:\/\/www.hellocare.com\/blog\/wp-content\/uploads\/2017\/09\/Schizophrenie.jpg","type":"image\/jpeg"}],"author":"Hellocare","twitter_card":"summary_large_image","twitter_creator":"@hellocareapp","twitter_site":"@hellocareapp","twitter_misc":{"\u00c9crit par":"Hellocare","Dur\u00e9e de lecture estim\u00e9e":"17 minutes"},"schema":{"@context":"https:\/\/schema.org","@graph":[{"@type":"Article","@id":"https:\/\/www.hellocare.com\/blog\/schizophrenie-se-faire-aider\/#article","isPartOf":{"@id":"https:\/\/www.hellocare.com\/blog\/schizophrenie-se-faire-aider\/"},"author":{"name":"Hellocare","@id":"https:\/\/www.hellocare.com\/blog\/#\/schema\/person\/8492c523f1a5dfe64a4cd21d019a9d1b"},"headline":"Schizophr\u00e9nie : Des voix dans la t\u00eate au quotidien","datePublished":"2017-09-21T13:18:03+00:00","dateModified":"2025-12-05T09:10:13+00:00","mainEntityOfPage":{"@id":"https:\/\/www.hellocare.com\/blog\/schizophrenie-se-faire-aider\/"},"wordCount":3353,"publisher":{"@id":"https:\/\/www.hellocare.com\/blog\/#organization"},"image":{"@id":"https:\/\/www.hellocare.com\/blog\/schizophrenie-se-faire-aider\/#primaryimage"},"thumbnailUrl":"https:\/\/www.hellocare.com\/blog\/wp-content\/uploads\/2017\/09\/Schizophrenie.jpg","articleSection":["Sant\u00e9 Mentale &amp; Bien-\u00eatre"],"inLanguage":"fr-FR"},{"@type":"WebPage","@id":"https:\/\/www.hellocare.com\/blog\/schizophrenie-se-faire-aider\/","url":"https:\/\/www.hellocare.com\/blog\/schizophrenie-se-faire-aider\/","name":"Schizophr\u00e9nie : Des voix dans la t\u00eate au quotidien","isPartOf":{"@id":"https:\/\/www.hellocare.com\/blog\/#website"},"primaryImageOfPage":{"@id":"https:\/\/www.hellocare.com\/blog\/schizophrenie-se-faire-aider\/#primaryimage"},"image":{"@id":"https:\/\/www.hellocare.com\/blog\/schizophrenie-se-faire-aider\/#primaryimage"},"thumbnailUrl":"https:\/\/www.hellocare.com\/blog\/wp-content\/uploads\/2017\/09\/Schizophrenie.jpg","datePublished":"2017-09-21T13:18:03+00:00","dateModified":"2025-12-05T09:10:13+00:00","description":"Quand on parle de \u00ab schizophr\u00e9nie \u00bb, Fight Club ou Psychose \u00e9mergent dans l'imaginaire collectif. C'est pourtant une erreur, il s'agit de toute autre chose","breadcrumb":{"@id":"https:\/\/www.hellocare.com\/blog\/schizophrenie-se-faire-aider\/#breadcrumb"},"inLanguage":"fr-FR","potentialAction":[{"@type":"ReadAction","target":["https:\/\/www.hellocare.com\/blog\/schizophrenie-se-faire-aider\/"]}]},{"@type":"ImageObject","inLanguage":"fr-FR","@id":"https:\/\/www.hellocare.com\/blog\/schizophrenie-se-faire-aider\/#primaryimage","url":"https:\/\/www.hellocare.com\/blog\/wp-content\/uploads\/2017\/09\/Schizophrenie.jpg","contentUrl":"https:\/\/www.hellocare.com\/blog\/wp-content\/uploads\/2017\/09\/Schizophrenie.jpg","width":768,"height":541,"caption":"Homme qui hurle le poing lev\u00e9"},{"@type":"BreadcrumbList","@id":"https:\/\/www.hellocare.com\/blog\/schizophrenie-se-faire-aider\/#breadcrumb","itemListElement":[{"@type":"ListItem","position":1,"name":"Accueil","item":"https:\/\/www.hellocare.com\/blog\/"},{"@type":"ListItem","position":2,"name":"Schizophr\u00e9nie : Des voix dans la t\u00eate au quotidien"}]},{"@type":"WebSite","@id":"https:\/\/www.hellocare.com\/blog\/#website","url":"https:\/\/www.hellocare.com\/blog\/","name":"Hellocare","description":"T\u00e9l\u00e9consultation et M\u00e9decin en ligne","publisher":{"@id":"https:\/\/www.hellocare.com\/blog\/#organization"},"potentialAction":[{"@type":"SearchAction","target":{"@type":"EntryPoint","urlTemplate":"https:\/\/www.hellocare.com\/blog\/?s={search_term_string}"},"query-input":{"@type":"PropertyValueSpecification","valueRequired":true,"valueName":"search_term_string"}}],"inLanguage":"fr-FR"},{"@type":"Organization","@id":"https:\/\/www.hellocare.com\/blog\/#organization","name":"Hellocare","url":"https:\/\/www.hellocare.com\/blog\/","logo":{"@type":"ImageObject","inLanguage":"fr-FR","@id":"https:\/\/www.hellocare.com\/blog\/#\/schema\/logo\/image\/","url":"https:\/\/www.hellocare.com\/blog\/wp-content\/uploads\/2020\/04\/Logo_hellocare.png","contentUrl":"https:\/\/www.hellocare.com\/blog\/wp-content\/uploads\/2020\/04\/Logo_hellocare.png","width":537,"height":431,"caption":"Hellocare"},"image":{"@id":"https:\/\/www.hellocare.com\/blog\/#\/schema\/logo\/image\/"},"sameAs":["https:\/\/www.facebook.com\/hellocareapp\/","https:\/\/x.com\/hellocareapp","https:\/\/www.instagram.com\/hellocareapp","https:\/\/www.linkedin.com\/company\/hellocare---health-care-everywhere"],"description":"Sur Hellocare vous pouvez consulter des m\u00e9decins g\u00e9n\u00e9ralistes, des sp\u00e9cialistes ou des th\u00e9rapeutes disponibles pour tous, et rapidement !","email":"hello@hellocare.com","telephone":"04 85 80 00 23","legalName":"Hellocare SAS","foundingDate":"2016-06-24","vatID":"FR68821232121","taxID":"82123212100045"},{"@type":"Person","@id":"https:\/\/www.hellocare.com\/blog\/#\/schema\/person\/8492c523f1a5dfe64a4cd21d019a9d1b","name":"Hellocare","image":{"@type":"ImageObject","inLanguage":"fr-FR","@id":"https:\/\/www.hellocare.com\/blog\/wp-content\/uploads\/2026\/01\/Logo_hellocare.png","url":"https:\/\/www.hellocare.com\/blog\/wp-content\/uploads\/2026\/01\/Logo_hellocare.png","contentUrl":"https:\/\/www.hellocare.com\/blog\/wp-content\/uploads\/2026\/01\/Logo_hellocare.png","caption":"Hellocare"},"url":"https:\/\/www.hellocare.com\/blog\/author\/hellocare\/"}]}},"_links":{"self":[{"href":"https:\/\/www.hellocare.com\/blog\/wp-json\/wp\/v2\/posts\/18883","targetHints":{"allow":["GET"]}}],"collection":[{"href":"https:\/\/www.hellocare.com\/blog\/wp-json\/wp\/v2\/posts"}],"about":[{"href":"https:\/\/www.hellocare.com\/blog\/wp-json\/wp\/v2\/types\/post"}],"author":[{"embeddable":true,"href":"https:\/\/www.hellocare.com\/blog\/wp-json\/wp\/v2\/users\/28"}],"replies":[{"embeddable":true,"href":"https:\/\/www.hellocare.com\/blog\/wp-json\/wp\/v2\/comments?post=18883"}],"version-history":[{"count":2,"href":"https:\/\/www.hellocare.com\/blog\/wp-json\/wp\/v2\/posts\/18883\/revisions"}],"predecessor-version":[{"id":36993,"href":"https:\/\/www.hellocare.com\/blog\/wp-json\/wp\/v2\/posts\/18883\/revisions\/36993"}],"wp:featuredmedia":[{"embeddable":true,"href":"https:\/\/www.hellocare.com\/blog\/wp-json\/wp\/v2\/media\/24087"}],"wp:attachment":[{"href":"https:\/\/www.hellocare.com\/blog\/wp-json\/wp\/v2\/media?parent=18883"}],"wp:term":[{"taxonomy":"category","embeddable":true,"href":"https:\/\/www.hellocare.com\/blog\/wp-json\/wp\/v2\/categories?post=18883"},{"taxonomy":"post_tag","embeddable":true,"href":"https:\/\/www.hellocare.com\/blog\/wp-json\/wp\/v2\/tags?post=18883"}],"curies":[{"name":"wp","href":"https:\/\/api.w.org\/{rel}","templated":true}]}}