{"id":19061,"date":"2017-10-02T15:19:32","date_gmt":"2017-10-02T13:19:32","guid":{"rendered":"https:\/\/hellocare.com\/?p=19061"},"modified":"2025-12-05T10:10:15","modified_gmt":"2025-12-05T09:10:15","slug":"asthme-controler","status":"publish","type":"post","link":"https:\/\/www.hellocare.com\/blog\/asthme-controler\/","title":{"rendered":"Asthme : Contr\u00f4ler la maladie pour ne plus suffoquer"},"content":{"rendered":"<p><div class=\"fusion-fullwidth fullwidth-box fusion-builder-row-1 nonhundred-percent-fullwidth non-hundred-percent-height-scrolling\" style=\"--awb-border-radius-top-left:0px;--awb-border-radius-top-right:0px;--awb-border-radius-bottom-right:0px;--awb-border-radius-bottom-left:0px;--awb-flex-wrap:wrap;\" ><div class=\"fusion-builder-row fusion-row\"><div class=\"fusion-layout-column fusion_builder_column fusion-builder-column-0 fusion_builder_column_1_1 1_1 fusion-one-full fusion-column-first fusion-column-last\" style=\"--awb-bg-size:cover;\"><div class=\"fusion-column-wrapper fusion-column-has-shadow fusion-flex-column-wrapper-legacy\"><div class=\"fusion-text fusion-text-1\"><p><em>Par Paul Rudelle, Pharmacien<\/em><\/p>\n<\/div><div class=\"fusion-clearfix\"><\/div><\/div><\/div><\/div><\/div><div class=\"fusion-fullwidth fullwidth-box fusion-builder-row-2 nonhundred-percent-fullwidth non-hundred-percent-height-scrolling\" style=\"--awb-border-radius-top-left:0px;--awb-border-radius-top-right:0px;--awb-border-radius-bottom-right:0px;--awb-border-radius-bottom-left:0px;--awb-flex-wrap:wrap;\" ><div class=\"fusion-builder-row fusion-row\"><div class=\"fusion-layout-column fusion_builder_column fusion-builder-column-1 fusion_builder_column_1_1 1_1 fusion-one-full fusion-column-first fusion-column-last\" style=\"--awb-bg-size:cover;\"><div class=\"fusion-column-wrapper fusion-column-has-shadow fusion-flex-column-wrapper-legacy\"><div class=\"fusion-text fusion-text-2\"><p><span style=\"font-size: regular;\"><span style=\"font-size: 18px; line-height: 1.6em; letter-spacing: 0px;\"><span class=\"fusion-dropcap dropcap\">L<\/span>\u2019asthme est une maladie chronique inflammatoire des bronches qui concerne 4 millions de personnes en France, enfant comme adultes. Ce que les asthmatiques redoutent, c\u2019est la crise d\u2019asthme. Cependant, pr\u00e9venir la crise et la calmer quand elle est l\u00e0 est possible en prenant bien ses traitements ou en suivant bien ces conseils.<\/span><!--more--><\/span><\/p>\n<\/div><div class=\"fusion-clearfix\"><\/div><\/div><\/div><\/div><\/div><div class=\"fusion-fullwidth fullwidth-box fusion-builder-row-3 nonhundred-percent-fullwidth non-hundred-percent-height-scrolling\" style=\"--awb-border-radius-top-left:0px;--awb-border-radius-top-right:0px;--awb-border-radius-bottom-right:0px;--awb-border-radius-bottom-left:0px;--awb-flex-wrap:wrap;\" ><div class=\"fusion-builder-row fusion-row\"><div class=\"fusion-layout-column fusion_builder_column fusion-builder-column-2 fusion_builder_column_1_1 1_1 fusion-one-full fusion-column-first fusion-column-last\" style=\"--awb-bg-size:cover;\"><div class=\"fusion-column-wrapper fusion-column-has-shadow fusion-flex-column-wrapper-legacy\"><div class=\"fusion-image-element fusion-no-small-visibility in-legacy-container\" style=\"--awb-caption-title-font-family:var(--h2_typography-font-family);--awb-caption-title-font-weight:var(--h2_typography-font-weight);--awb-caption-title-font-style:var(--h2_typography-font-style);--awb-caption-title-size:var(--h2_typography-font-size);--awb-caption-title-transform:var(--h2_typography-text-transform);--awb-caption-title-line-height:var(--h2_typography-line-height);--awb-caption-title-letter-spacing:var(--h2_typography-letter-spacing);\"><span class=\" fusion-imageframe imageframe-none imageframe-1 hover-type-none\"><img decoding=\"async\" width=\"768\" height=\"512\" alt=\"personne qui fait une crise d&#039;asthme\" title=\"asthme\" src=\"data:image\/svg+xml,%3Csvg%20xmlns%3D%27http%3A%2F%2Fwww.w3.org%2F2000%2Fsvg%27%20width%3D%27768%27%20height%3D%27512%27%20viewBox%3D%270%200%20768%20512%27%3E%3Crect%20width%3D%27768%27%20height%3D%27512%27%20fill-opacity%3D%220%22%2F%3E%3C%2Fsvg%3E\" data-orig-src=\"https:\/\/www.hellocare.com\/blog\/wp-content\/uploads\/2017\/10\/asthme.jpg\" class=\"lazyload img-responsive wp-image-24023\"\/><\/span><\/div><div class=\"fusion-clearfix\"><\/div><\/div><\/div><\/div><\/div><div class=\"fusion-fullwidth fullwidth-box fusion-builder-row-4 nonhundred-percent-fullwidth non-hundred-percent-height-scrolling\" style=\"--awb-border-radius-top-left:0px;--awb-border-radius-top-right:0px;--awb-border-radius-bottom-right:0px;--awb-border-radius-bottom-left:0px;--awb-flex-wrap:wrap;\" ><div class=\"fusion-builder-row fusion-row\"><div class=\"fusion-layout-column fusion_builder_column fusion-builder-column-3 fusion_builder_column_1_1 1_1 fusion-one-full fusion-column-first fusion-column-last\" style=\"--awb-bg-size:cover;--awb-margin-top:0px;--awb-margin-bottom:0px;\"><div class=\"fusion-column-wrapper fusion-flex-column-wrapper-legacy\"><div class=\"fusion-title title fusion-title-1 fusion-sep-none fusion-title-text fusion-title-size-two\"><h2 class=\"fusion-title-heading title-heading-left fusion-responsive-typography-calculated\" style=\"margin:0;--fontSize:36;line-height:1.25;\"><h2>\u00c9viter et traiter les crises d\u2019asthme<\/h2><\/h2><\/div><div class=\"fusion-clearfix\"><\/div><\/div><\/div><\/div><\/div><div class=\"fusion-fullwidth fullwidth-box fusion-builder-row-5 nonhundred-percent-fullwidth non-hundred-percent-height-scrolling\" style=\"--awb-border-radius-top-left:0px;--awb-border-radius-top-right:0px;--awb-border-radius-bottom-right:0px;--awb-border-radius-bottom-left:0px;--awb-flex-wrap:wrap;\" ><div class=\"fusion-builder-row fusion-row\"><div class=\"fusion-layout-column fusion_builder_column fusion-builder-column-4 fusion_builder_column_1_1 1_1 fusion-one-full fusion-column-first fusion-column-last\" style=\"--awb-bg-size:cover;--awb-margin-top:0px;--awb-margin-bottom:0px;\"><div class=\"fusion-column-wrapper fusion-flex-column-wrapper-legacy\"><div class=\"fusion-text fusion-text-3\"><div class=\"wpb_text_column wpb_content_element \">\n<div class=\"wpb_wrapper\">\n<h3>L&rsquo;asthme pourquoi et comment ?<\/h3>\n<p>Le m\u00e9canisme pathologique de l\u2019asthme s\u2019explique par un\u00a0<b>r\u00e9tr\u00e9cissement du diam\u00e8tre des bronches<\/b>, le passage est donc obstru\u00e9 et\u00a0<b>emp\u00eache l\u2019air de circuler normalement<\/b>. Cette obstruction des voies respiratoires est due \u00e0 une inflammation\u00a0locale, un \u00e9paississement des parois bronchiques accompagn\u00e9 de la s\u00e9cr\u00e9tion locale de mucus.<br \/>\nLorsqu\u2019une crise d\u2019asthme se manifeste, on va observer un ph\u00e9nom\u00e8ne de bronchoconstriction, les bronches vont donc s\u2019hyperactiver et se contracter, entra\u00eenant la formation d\u2019un\u00a0<b>\u0153d\u00e8me<\/b>\u00a0qui va diminuer le diam\u00e8tre des voie respiratoires. Les allergies provoquent \u00e9galement ces \u0153d\u00e8mes, provoquant de ce fait des crises d\u2019asthme.<\/p>\n<p>Les sympt\u00f4mes de l\u2019asthme apparaissent de fa\u00e7on exacerb\u00e9e sous forme de crises d\u2019asthme. M\u00eame si une personne est diagnostiqu\u00e9e asthmatique, et ce souvent d\u00e8s le plus jeune \u00e2ge, sa respiration va \u00eatre la plupart du temps normale, et c\u2019est pendant des \u00e9pisodes de crises d\u2019asthme que celle-ci va \u00eatre impact\u00e9e.<\/p>\n<\/div>\n<\/div>\n<\/div><div class=\"fusion-sep-clear\"><\/div><div class=\"fusion-separator fusion-full-width-sep\" style=\"margin-left: auto;margin-right: auto;margin-bottom:5px;width:100%;\"><\/div><div class=\"fusion-sep-clear\"><\/div><div class=\"fusion-text fusion-text-4\"><div class=\"wpb_text_column wpb_content_element \">\n<div class=\"wpb_wrapper\">\n<h3 id=\"ui-id-1\" class=\"clearfix eltd-title-holder ui-accordion-header ui-state-default ui-accordion-header-active ui-state-active ui-corner-top\" tabindex=\"0\" role=\"tab\" aria-controls=\"ui-id-2\" aria-selected=\"true\" aria-expanded=\"true\"><span class=\"eltd-tab-title\"><span class=\"eltd-tab-title-inner\">La crise d&rsquo;asthme<\/span><\/span><\/h3>\n<div id=\"ui-id-2\" class=\"eltd-accordion-content ui-accordion-content ui-helper-reset ui-widget-content ui-corner-bottom ui-accordion-content-active\" role=\"tabpanel\" aria-labelledby=\"ui-id-1\" aria-hidden=\"false\">\n<div class=\"eltd-accordion-content-inner\">\n<div class=\"wpb_text_column wpb_content_element \">\n<div class=\"wpb_wrapper\">\n<p>La crise d\u2019asthme commence tr\u00e8s souvent par\u00a0<b>une toux s\u00e8che<\/b>, puis la personne asthmatique va manifester des\u00a0<b>difficult\u00e9s \u00e0 respirer<\/b>, traduites par une\u00a0<b>respiration dite sifflante<\/b>\u00a0(surtout \u00e0 l\u2019expiration), tr\u00e8s caract\u00e9ristique de la crise. La pr\u00e9sence de mucus en abondance dans les bronches peut habituellement entra\u00eener \u00a0pendant une crise des expectorations, c\u2019est \u00e0 dire\u00a0<b>une toux et des crachats<\/b>.<\/p>\n<p>Ces crises d\u2019asthme sont potentiellement\u00a0<b>dangereuses<\/b>\u00a0surtout chez les personnes \u00e2g\u00e9es, les tr\u00e8s jeunes enfants et les personnes souffrant d\u2019infections respiratoires, consid\u00e9r\u00e9s comme plus fragiles. Si les sympt\u00f4mes d\u2019une crise d\u2019asthme sont impressionnants, ils peuvent \u00eatre facilement et efficacement\u00a0<b>calm\u00e9s par des m\u00e9dicaments<\/b>.<br \/>\nPour la plupart des asthmatiques, ces crises sont rares et la maladie n\u2019a pas de r\u00e9percussion sur la vie quotidienne.<\/p>\n<\/div>\n<\/div>\n<\/div>\n<\/div>\n<\/div>\n<\/div>\n<\/div><div class=\"fusion-sep-clear\"><\/div><div class=\"fusion-separator fusion-full-width-sep\" style=\"margin-left: auto;margin-right: auto;margin-bottom:5px;width:100%;\"><\/div><div class=\"fusion-sep-clear\"><\/div><div class=\"fusion-text fusion-text-5\"><div class=\"wpb_text_column wpb_content_element \">\n<div class=\"wpb_wrapper\">\n<h3 id=\"ui-id-3\" class=\"clearfix eltd-title-holder ui-accordion-header ui-state-default ui-accordion-header-active ui-state-active ui-corner-top ui-state-hover\" tabindex=\"0\" role=\"tab\" aria-controls=\"ui-id-4\" aria-selected=\"true\" aria-expanded=\"true\"><span class=\"eltd-tab-title\"><span class=\"eltd-tab-title-inner\">Les traitements de l&rsquo;asthme<\/span><\/span><\/h3>\n<div id=\"ui-id-4\" class=\"eltd-accordion-content ui-accordion-content ui-helper-reset ui-widget-content ui-corner-bottom ui-accordion-content-active\" role=\"tabpanel\" aria-labelledby=\"ui-id-3\" aria-hidden=\"false\">\n<div class=\"eltd-accordion-content-inner\">\n<div class=\"wpb_text_column wpb_content_element \">\n<div class=\"wpb_wrapper\">\n<p>Afin que l\u2019asthme ne se manifeste uniquement de fa\u00e7on \u00e9pisodique, et non de fa\u00e7on permanente, il est\u00a0<b>n\u00e9cessaire que la maladie soit contr\u00f4l\u00e9e<\/b>, et ce gr\u00e2ce \u00e0 un ensemble de traitements sp\u00e9cifiques.<\/p>\n<p>Comme \u00e9voqu\u00e9 plus haut, l\u2019asthme est une maladie chronique, le\u00a0<b>traitement<\/b>doit donc s\u2019effectuer\u00a0<b>sur le long terme<\/b>. La prise en charge de l\u2019asthme va donc associer des m\u00e9dicaments qui vont constituer un traitement de fond, \u00e0 des m\u00e9dicaments destin\u00e9s \u00e0 \u00eatre utilis\u00e9s pendant les \u00e9pisodes de crise d\u2019asthme.<\/p>\n<p>Les m\u00e9dicaments destin\u00e9s \u00e0 calmer les sympt\u00f4mes des crises sont appel\u00e9s\u00a0<b>bronchodilatateurs<\/b>, leur action est rapide et vont permettre de pallier au r\u00e9tr\u00e9cissement des bronches caus\u00e9 par l\u2019\u0153d\u00e8me, permettant ainsi de dilater les voies respiratoires pour que l\u2019air puisse circuler normalement. Le plus connu de ces m\u00e9dicaments est le\u00a0<b>Salbutamol<\/b>\u00a0\u00a0(Ventoline<b>)<\/b>, pr\u00e9sent sous\u00a0<b>forme<\/b>\u00a0<b>d\u2019a\u00e9rosol<\/b>.<\/p>\n<p>Si les bronchodilatateurs \u00e0 courte dur\u00e9e d\u2019action sont prescrits en\u00a0<b>traitement de crise<\/b>, il est important de savoir que l\u2019asthme se traite \u00e9galement de fa\u00e7on quotidienne, dans le cadre d\u2019un traitement de fond.<\/p>\n<p>Les m\u00e9dicaments destin\u00e9s \u00e0 la prise journali\u00e8re peuvent \u00eatre pr\u00e9sent\u00e9s sous formes d\u2019a\u00e9rosols qui contiennent des\u00a0<b>bronchodilatateurs \u00e0 longue dur\u00e9e d\u2019action<\/b>, des\u00a0<b>cortico\u00efdes<\/b>\u00a0\u00e0 vis\u00e9e anti-inflammatoire sont souvent prescrits en\u00a0<b>traitement de fond<\/b>, cette fois-ci sous la forme de poudre \u00e0 inhaler ou de comprim\u00e9s.<\/p>\n<p>Cette association de traitements permet de contr\u00f4ler son asthme et donc d\u2019\u00e9viter que celui-ci impacte la qualit\u00e9 de vie du patient dans les p\u00e9riodes hors crises. Cependant un asthme mal ou pas contr\u00f4l\u00e9 peut provoquer des sympt\u00f4mes durant la nuit, obliger \u00e0 limiter ses activit\u00e9s pendant la journ\u00e9e ou \u00e0 utiliser des inhalateurs plusieurs fois par jour. Les crises d\u2019un asthme non contr\u00f4l\u00e9 peuvent aller jusqu\u2019\u00e0 l\u2019hospitalisation.<\/p>\n<\/div>\n<\/div>\n<\/div>\n<\/div>\n<\/div>\n<\/div>\n<\/div><div class=\"fusion-sep-clear\"><\/div><div class=\"fusion-separator fusion-full-width-sep\" style=\"margin-left: auto;margin-right: auto;margin-bottom:5px;width:100%;\"><\/div><div class=\"fusion-sep-clear\"><\/div><div class=\"fusion-text fusion-text-6\"><div class=\"wpb_text_column wpb_content_element \">\n<div class=\"wpb_wrapper\">\n<h3 id=\"ui-id-5\" class=\"clearfix eltd-title-holder ui-accordion-header ui-state-default ui-accordion-header-active ui-state-active ui-corner-top\" tabindex=\"0\" role=\"tab\" aria-controls=\"ui-id-6\" aria-selected=\"true\" aria-expanded=\"true\"><span class=\"eltd-tab-title\"><span class=\"eltd-tab-title-inner\">Les quatre saisons de l&rsquo;asthme<\/span><\/span><\/h3>\n<div id=\"ui-id-6\" class=\"eltd-accordion-content ui-accordion-content ui-helper-reset ui-widget-content ui-corner-bottom ui-accordion-content-active\" role=\"tabpanel\" aria-labelledby=\"ui-id-5\" aria-hidden=\"false\">\n<div class=\"eltd-accordion-content-inner\">\n<div class=\"wpb_text_column wpb_content_element \">\n<div class=\"wpb_wrapper\">\n<p>Les crises d\u2019asthmes sont provoqu\u00e9es par diff\u00e9rents facteurs, qui peuvent varier en fonction des saisons.<br \/>\nTout juste entr\u00e9s dans la p\u00e9riode de l\u2019Automne, les temp\u00e9ratures commencent \u00e0 se refroidir, ce qui est un facteur de d\u00e9clenchement des crises. La pr\u00e9sence de moisissures ext\u00e9rieures et du pollen d\u2019Automne peuvent provoquer des allergies favorisant les crises d\u2019asthme.<br \/>\nL\u2019Hiver et ses vagues de froid sont difficiles pour les asthmatiques, mais facilement \u00e9vitables en s\u2019habillant chaudement, pour les personnes les plus fragiles, il est recommand\u00e9 d\u2019\u00e9viter les patinoires, car l\u2019air y est froid et les vapeurs des resurfaceuses sont dangereuses pour un asthmatique.<br \/>\nLe Printemps rime souvent avec l\u2019arriv\u00e9e du pollen dans les arbres et plantes, tr\u00e8s allergisant et responsable de nombreux d\u00e9parts de crises d\u2019asthme, le seul conseil que l\u2019on peut alors donner est d\u2019\u00e9viter ces zones allerg\u00e8nes, et de prendre des traitements anti-allergique de fa\u00e7on passag\u00e8re pour les plus sensibles.<br \/>\nL\u2019Et\u00e9 et ses chaudes temp\u00e9ratures ne permettent pas \u00e0 la Ventoline de prendre du repos. L\u2019air chaud transporte les allerg\u00e8nes du pollen et la qualit\u00e9 de l\u2019air se d\u00e9grade souvent pendant les p\u00e9riodes estivales.<\/p>\n<\/div>\n<\/div>\n<\/div>\n<\/div>\n<\/div>\n<\/div>\n<\/div><div class=\"fusion-clearfix\"><\/div><\/div><\/div><\/div><\/div><div class=\"fusion-fullwidth fullwidth-box fusion-builder-row-6 nonhundred-percent-fullwidth non-hundred-percent-height-scrolling\" style=\"--awb-border-radius-top-left:0px;--awb-border-radius-top-right:0px;--awb-border-radius-bottom-right:0px;--awb-border-radius-bottom-left:0px;--awb-margin-top:5%;--awb-margin-bottom:5%;--awb-flex-wrap:wrap;\" ><div class=\"fusion-builder-row fusion-row\"><div class=\"fusion-layout-column fusion_builder_column fusion-builder-column-5 fusion_builder_column_1_1 1_1 fusion-one-full fusion-column-first fusion-column-last\" style=\"--awb-bg-size:cover;\"><div class=\"fusion-column-wrapper fusion-column-has-shadow fusion-flex-column-wrapper-legacy\"><div class=\"fusion-text fusion-text-7\"><p><em><a href=\"https:\/\/www.hellocare.com\" target=\"_blank\" rel=\"noopener noreferrer\">&gt; Pour levez le doute sur votre \u00e9tat de sant\u00e9, parlez \u00e0 un m\u00e9decin sans rdv<\/a><\/em><\/p>\n<\/div><div class=\"fusion-clearfix\"><\/div><\/div><\/div><\/div><\/div><div class=\"fusion-fullwidth fullwidth-box fusion-builder-row-7 nonhundred-percent-fullwidth non-hundred-percent-height-scrolling\" style=\"--awb-border-radius-top-left:0px;--awb-border-radius-top-right:0px;--awb-border-radius-bottom-right:0px;--awb-border-radius-bottom-left:0px;--awb-flex-wrap:wrap;\" ><div class=\"fusion-builder-row fusion-row\"><div class=\"fusion-layout-column fusion_builder_column fusion-builder-column-6 fusion_builder_column_1_1 1_1 fusion-one-full fusion-column-first fusion-column-last\" style=\"--awb-bg-size:cover;--awb-margin-top:0px;--awb-margin-bottom:0px;\"><div class=\"fusion-column-wrapper fusion-flex-column-wrapper-legacy\"><div class=\"fusion-title title fusion-title-2 fusion-sep-none fusion-title-text fusion-title-size-two\"><h2 class=\"fusion-title-heading title-heading-left fusion-responsive-typography-calculated\" style=\"margin:0;--fontSize:36;line-height:1.25;\"><h2>Les conseils du pharmacien<\/h2><\/h2><\/div><div class=\"fusion-clearfix\"><\/div><\/div><\/div><\/div><\/div><div class=\"fusion-fullwidth fullwidth-box fusion-builder-row-8 nonhundred-percent-fullwidth non-hundred-percent-height-scrolling\" style=\"--awb-border-radius-top-left:0px;--awb-border-radius-top-right:0px;--awb-border-radius-bottom-right:0px;--awb-border-radius-bottom-left:0px;--awb-flex-wrap:wrap;\" ><div class=\"fusion-builder-row fusion-row\"><div class=\"fusion-layout-column fusion_builder_column fusion-builder-column-7 fusion_builder_column_1_1 1_1 fusion-one-full fusion-column-first fusion-column-last\" style=\"--awb-bg-size:cover;--awb-margin-top:0px;--awb-margin-bottom:0px;\"><div class=\"fusion-column-wrapper fusion-flex-column-wrapper-legacy\"><div class=\"fusion-image-element in-legacy-container\" style=\"--awb-caption-title-font-family:var(--h2_typography-font-family);--awb-caption-title-font-weight:var(--h2_typography-font-weight);--awb-caption-title-font-style:var(--h2_typography-font-style);--awb-caption-title-size:var(--h2_typography-font-size);--awb-caption-title-transform:var(--h2_typography-text-transform);--awb-caption-title-line-height:var(--h2_typography-line-height);--awb-caption-title-letter-spacing:var(--h2_typography-letter-spacing);\"><span class=\" fusion-imageframe imageframe-none imageframe-2 hover-type-none\"><img decoding=\"async\" width=\"768\" height=\"512\" alt=\"Pharmacienne souriante qui donne des m\u00e9dicaments \u00e0 une cliente\" title=\"Conseils du pharmacien\" src=\"data:image\/svg+xml,%3Csvg%20xmlns%3D%27http%3A%2F%2Fwww.w3.org%2F2000%2Fsvg%27%20width%3D%27768%27%20height%3D%27512%27%20viewBox%3D%270%200%20768%20512%27%3E%3Crect%20width%3D%27768%27%20height%3D%27512%27%20fill-opacity%3D%220%22%2F%3E%3C%2Fsvg%3E\" data-orig-src=\"https:\/\/www.hellocare.com\/blog\/wp-content\/uploads\/2017\/05\/pharmacien3.jpg\" class=\"lazyload img-responsive wp-image-23578\"\/><\/span><\/div><div class=\"fusion-text fusion-text-8\"><h3 id=\"ui-id-7\" class=\"clearfix eltd-title-holder ui-accordion-header ui-state-default ui-accordion-header-active ui-state-active ui-corner-top ui-state-hover\" tabindex=\"0\" role=\"tab\" aria-controls=\"ui-id-8\" aria-selected=\"true\" aria-expanded=\"true\"><span class=\"eltd-tab-title\"><span class=\"eltd-tab-title-inner\">Consultez un m\u00e9decin<\/span><\/span><\/h3>\n<div id=\"ui-id-8\" class=\"eltd-accordion-content ui-accordion-content ui-helper-reset ui-widget-content ui-corner-bottom ui-accordion-content-active\" role=\"tabpanel\" aria-labelledby=\"ui-id-7\" aria-hidden=\"false\">\n<div class=\"eltd-accordion-content-inner\">\n<div class=\"wpb_text_column wpb_content_element \">\n<div class=\"wpb_wrapper\">\n<p>Pour \u00e9valuer vos capacit\u00e9s respiratoires et savoir si vous avez besoin d\u2019un traitement contre l\u2019asthme ou non. Si c\u2019est le cas, avoir vos bronchodilatateurs \u00e0 port\u00e9e de main sera salvateur en cas de crise.<\/p>\n<\/div>\n<\/div>\n<\/div>\n<\/div>\n<\/div><div class=\"fusion-sep-clear\"><\/div><div class=\"fusion-separator fusion-full-width-sep\" style=\"margin-left: auto;margin-right: auto;margin-bottom:5%;width:100%;\"><\/div><div class=\"fusion-sep-clear\"><\/div><div class=\"fusion-text fusion-text-9\"><h3 id=\"ui-id-9\" class=\"clearfix eltd-title-holder ui-accordion-header ui-state-default ui-accordion-header-active ui-state-active ui-corner-top ui-state-hover\" tabindex=\"0\" role=\"tab\" aria-controls=\"ui-id-10\" aria-selected=\"true\" aria-expanded=\"true\"><span class=\"eltd-tab-title\"><span class=\"eltd-tab-title-inner\">Rincez-vous la bouche<\/span><\/span><\/h3>\n<div id=\"ui-id-10\" class=\"eltd-accordion-content ui-accordion-content ui-helper-reset ui-widget-content ui-corner-bottom ui-accordion-content-active\" role=\"tabpanel\" aria-labelledby=\"ui-id-9\" aria-hidden=\"false\">\n<div class=\"eltd-accordion-content-inner\">\n<div class=\"wpb_text_column wpb_content_element \">\n<div class=\"wpb_wrapper\">\n<p>Apr\u00e8s chaque prise de cortico\u00efdes \u00e0 inhaler afin d\u2019\u00e9viter les mycoses buccales qui peuvent \u00eatre une vraie plaie du quotidien, se rincer la bouche est indispensable, se laver les dents est encore mieux<\/p>\n<\/div>\n<\/div>\n<\/div>\n<\/div>\n<\/div><div class=\"fusion-sep-clear\"><\/div><div class=\"fusion-separator fusion-full-width-sep\" style=\"margin-left: auto;margin-right: auto;margin-bottom:5%;width:100%;\"><\/div><div class=\"fusion-sep-clear\"><\/div><div class=\"fusion-text fusion-text-10\"><h3 id=\"ui-id-11\" class=\"clearfix eltd-title-holder ui-accordion-header ui-state-default ui-accordion-header-active ui-state-active ui-corner-top ui-state-hover\" tabindex=\"0\" role=\"tab\" aria-controls=\"ui-id-12\" aria-selected=\"true\" aria-expanded=\"true\"><span class=\"eltd-tab-title\"><span class=\"eltd-tab-title-inner\">Adaptez le traitement<\/span><\/span><\/h3>\n<div id=\"ui-id-12\" class=\"eltd-accordion-content ui-accordion-content ui-helper-reset ui-widget-content ui-corner-bottom ui-accordion-content-active\" role=\"tabpanel\" aria-labelledby=\"ui-id-11\" aria-hidden=\"false\">\n<div class=\"eltd-accordion-content-inner\">\n<div class=\"wpb_text_column wpb_content_element \">\n<div class=\"wpb_wrapper\">\n<p>Il est difficile de conserver ses activit\u00e9s ou ses relations amicales lorsque l\u2019un de nos proches est d\u00e9pendant de nous. Mais il vous faudra essayer d\u2019am\u00e9nager\u00a0<b>du temps pour vous<\/b>, pour votre\u00a0<b>plaisir<\/b>, pouvoir avoir un espace \u00e0 vous et conserver\u00a0<b>votre qualit\u00e9 de vie<\/b>. A nouveau contactez une association d\u2019aidants la plus proche de chez vous.<\/p>\n<\/div>\n<\/div>\n<\/div>\n<\/div>\n<\/div><div class=\"fusion-clearfix\"><\/div><\/div><\/div><\/div><\/div><div class=\"fusion-fullwidth fullwidth-box fusion-builder-row-9 nonhundred-percent-fullwidth non-hundred-percent-height-scrolling\" style=\"--awb-border-radius-top-left:0px;--awb-border-radius-top-right:0px;--awb-border-radius-bottom-right:0px;--awb-border-radius-bottom-left:0px;--awb-flex-wrap:wrap;\" ><div class=\"fusion-builder-row fusion-row\"><div class=\"fusion-layout-column fusion_builder_column fusion-builder-column-8 fusion_builder_column_1_1 1_1 fusion-one-full fusion-column-first fusion-column-last\" style=\"--awb-bg-size:cover;\"><div class=\"fusion-column-wrapper fusion-column-has-shadow fusion-flex-column-wrapper-legacy\"><div class=\"fusion-image-element in-legacy-container\" style=\"--awb-caption-title-font-family:var(--h2_typography-font-family);--awb-caption-title-font-weight:var(--h2_typography-font-weight);--awb-caption-title-font-style:var(--h2_typography-font-style);--awb-caption-title-size:var(--h2_typography-font-size);--awb-caption-title-transform:var(--h2_typography-text-transform);--awb-caption-title-line-height:var(--h2_typography-line-height);--awb-caption-title-letter-spacing:var(--h2_typography-letter-spacing);\"><span class=\" fusion-imageframe imageframe-none imageframe-3 hover-type-none\"><a class=\"fusion-no-lightbox\" href=\"https:\/\/www.hellocare.com\/\" target=\"_blank\" aria-label=\"consultation-medecin-en-ligne-hellocare\" rel=\"noopener noreferrer\"><img decoding=\"async\" width=\"768\" height=\"334\" alt=\"consulter un medecin en ligne hellocare\" src=\"data:image\/svg+xml,%3Csvg%20xmlns%3D%27http%3A%2F%2Fwww.w3.org%2F2000%2Fsvg%27%20width%3D%27768%27%20height%3D%27334%27%20viewBox%3D%270%200%20768%20334%27%3E%3Crect%20width%3D%27768%27%20height%3D%27334%27%20fill-opacity%3D%220%22%2F%3E%3C%2Fsvg%3E\" data-orig-src=\"https:\/\/www.hellocare.com\/blog\/wp-content\/uploads\/2019\/06\/consultation-medecin-en-ligne-hellocare-1.jpg\" class=\"lazyload img-responsive wp-image-23483\"\/><\/a><\/span><\/div><div class=\"fusion-clearfix\"><\/div><\/div><\/div><\/div><\/div><\/p>\n","protected":false},"excerpt":{"rendered":"<p>\u2019asthme est une maladie chronique inflammatoire des bronches qui concerne 4 millions de personnes en France, enfant comme<\/p>\n","protected":false},"author":28,"featured_media":24023,"comment_status":"closed","ping_status":"closed","sticky":false,"template":"","format":"standard","meta":{"_acf_changed":false,"inline_featured_image":false,"footnotes":""},"categories":[575],"tags":[],"class_list":["post-19061","post","type-post","status-publish","format-standard","has-post-thumbnail","hentry","category-sante-generale-medecine"],"acf":[],"yoast_head":"<!-- This site is optimized with the Yoast SEO Premium plugin v26.5 (Yoast SEO v27.5) - https:\/\/yoast.com\/product\/yoast-seo-premium-wordpress\/ -->\n<title>Asthme : Contr\u00f4ler la maladie pour ne plus suffoquer<\/title>\n<meta name=\"description\" content=\"Ce que les asthmatiques redoutent, c\u2019est la crise d\u2019asthme. Cependant, pr\u00e9venir la crise est possible en prenant bien ses traitements\" \/>\n<meta name=\"robots\" content=\"index, follow, max-snippet:-1, max-image-preview:large, max-video-preview:-1\" \/>\n<link rel=\"canonical\" href=\"https:\/\/www.hellocare.com\/blog\/asthme-controler\/\" \/>\n<meta property=\"og:locale\" content=\"fr_FR\" \/>\n<meta property=\"og:type\" content=\"article\" \/>\n<meta property=\"og:title\" content=\"Asthme : Contr\u00f4ler la maladie pour ne plus suffoquer\" \/>\n<meta property=\"og:url\" content=\"https:\/\/www.hellocare.com\/blog\/asthme-controler\/\" \/>\n<meta property=\"og:site_name\" content=\"Hellocare\" \/>\n<meta property=\"article:publisher\" content=\"https:\/\/www.facebook.com\/hellocareapp\/\" \/>\n<meta property=\"article:published_time\" content=\"2017-10-02T13:19:32+00:00\" \/>\n<meta property=\"article:modified_time\" content=\"2025-12-05T09:10:15+00:00\" \/>\n<meta property=\"og:image\" content=\"https:\/\/www.hellocare.com\/blog\/wp-content\/uploads\/2017\/10\/asthme.jpg\" \/>\n\t<meta property=\"og:image:width\" content=\"768\" \/>\n\t<meta property=\"og:image:height\" content=\"512\" \/>\n\t<meta property=\"og:image:type\" content=\"image\/jpeg\" \/>\n<meta name=\"author\" content=\"Hellocare\" \/>\n<meta name=\"twitter:card\" content=\"summary_large_image\" \/>\n<meta name=\"twitter:creator\" content=\"@hellocareapp\" \/>\n<meta name=\"twitter:site\" content=\"@hellocareapp\" \/>\n<meta name=\"twitter:label1\" content=\"\u00c9crit par\" \/>\n\t<meta name=\"twitter:data1\" content=\"Hellocare\" \/>\n\t<meta name=\"twitter:label2\" content=\"Dur\u00e9e de lecture estim\u00e9e\" \/>\n\t<meta name=\"twitter:data2\" content=\"14 minutes\" \/>\n<script type=\"application\/ld+json\" class=\"yoast-schema-graph\">{\"@context\":\"https:\\\/\\\/schema.org\",\"@graph\":[{\"@type\":\"Article\",\"@id\":\"https:\\\/\\\/www.hellocare.com\\\/blog\\\/asthme-controler\\\/#article\",\"isPartOf\":{\"@id\":\"https:\\\/\\\/www.hellocare.com\\\/blog\\\/asthme-controler\\\/\"},\"author\":{\"name\":\"Hellocare\",\"@id\":\"https:\\\/\\\/www.hellocare.com\\\/blog\\\/#\\\/schema\\\/person\\\/8492c523f1a5dfe64a4cd21d019a9d1b\"},\"headline\":\"Asthme : Contr\u00f4ler la maladie pour ne plus suffoquer\",\"datePublished\":\"2017-10-02T13:19:32+00:00\",\"dateModified\":\"2025-12-05T09:10:15+00:00\",\"mainEntityOfPage\":{\"@id\":\"https:\\\/\\\/www.hellocare.com\\\/blog\\\/asthme-controler\\\/\"},\"wordCount\":2739,\"publisher\":{\"@id\":\"https:\\\/\\\/www.hellocare.com\\\/blog\\\/#organization\"},\"image\":{\"@id\":\"https:\\\/\\\/www.hellocare.com\\\/blog\\\/asthme-controler\\\/#primaryimage\"},\"thumbnailUrl\":\"https:\\\/\\\/www.hellocare.com\\\/blog\\\/wp-content\\\/uploads\\\/2017\\\/10\\\/asthme.jpg\",\"articleSection\":[\"Sant\u00e9 g\u00e9n\u00e9rale &amp; M\u00e9decine\"],\"inLanguage\":\"fr-FR\"},{\"@type\":\"WebPage\",\"@id\":\"https:\\\/\\\/www.hellocare.com\\\/blog\\\/asthme-controler\\\/\",\"url\":\"https:\\\/\\\/www.hellocare.com\\\/blog\\\/asthme-controler\\\/\",\"name\":\"Asthme : Contr\u00f4ler la maladie pour ne plus suffoquer\",\"isPartOf\":{\"@id\":\"https:\\\/\\\/www.hellocare.com\\\/blog\\\/#website\"},\"primaryImageOfPage\":{\"@id\":\"https:\\\/\\\/www.hellocare.com\\\/blog\\\/asthme-controler\\\/#primaryimage\"},\"image\":{\"@id\":\"https:\\\/\\\/www.hellocare.com\\\/blog\\\/asthme-controler\\\/#primaryimage\"},\"thumbnailUrl\":\"https:\\\/\\\/www.hellocare.com\\\/blog\\\/wp-content\\\/uploads\\\/2017\\\/10\\\/asthme.jpg\",\"datePublished\":\"2017-10-02T13:19:32+00:00\",\"dateModified\":\"2025-12-05T09:10:15+00:00\",\"description\":\"Ce que les asthmatiques redoutent, c\u2019est la crise d\u2019asthme. Cependant, pr\u00e9venir la crise est possible en prenant bien ses traitements\",\"breadcrumb\":{\"@id\":\"https:\\\/\\\/www.hellocare.com\\\/blog\\\/asthme-controler\\\/#breadcrumb\"},\"inLanguage\":\"fr-FR\",\"potentialAction\":[{\"@type\":\"ReadAction\",\"target\":[\"https:\\\/\\\/www.hellocare.com\\\/blog\\\/asthme-controler\\\/\"]}]},{\"@type\":\"ImageObject\",\"inLanguage\":\"fr-FR\",\"@id\":\"https:\\\/\\\/www.hellocare.com\\\/blog\\\/asthme-controler\\\/#primaryimage\",\"url\":\"https:\\\/\\\/www.hellocare.com\\\/blog\\\/wp-content\\\/uploads\\\/2017\\\/10\\\/asthme.jpg\",\"contentUrl\":\"https:\\\/\\\/www.hellocare.com\\\/blog\\\/wp-content\\\/uploads\\\/2017\\\/10\\\/asthme.jpg\",\"width\":768,\"height\":512,\"caption\":\"Femme blonde utilisant une ventoline\"},{\"@type\":\"BreadcrumbList\",\"@id\":\"https:\\\/\\\/www.hellocare.com\\\/blog\\\/asthme-controler\\\/#breadcrumb\",\"itemListElement\":[{\"@type\":\"ListItem\",\"position\":1,\"name\":\"Accueil\",\"item\":\"https:\\\/\\\/www.hellocare.com\\\/blog\\\/\"},{\"@type\":\"ListItem\",\"position\":2,\"name\":\"Asthme : Contr\u00f4ler la maladie pour ne plus suffoquer\"}]},{\"@type\":\"WebSite\",\"@id\":\"https:\\\/\\\/www.hellocare.com\\\/blog\\\/#website\",\"url\":\"https:\\\/\\\/www.hellocare.com\\\/blog\\\/\",\"name\":\"Hellocare\",\"description\":\"T\u00e9l\u00e9consultation et M\u00e9decin en ligne\",\"publisher\":{\"@id\":\"https:\\\/\\\/www.hellocare.com\\\/blog\\\/#organization\"},\"potentialAction\":[{\"@type\":\"SearchAction\",\"target\":{\"@type\":\"EntryPoint\",\"urlTemplate\":\"https:\\\/\\\/www.hellocare.com\\\/blog\\\/?s={search_term_string}\"},\"query-input\":{\"@type\":\"PropertyValueSpecification\",\"valueRequired\":true,\"valueName\":\"search_term_string\"}}],\"inLanguage\":\"fr-FR\"},{\"@type\":\"Organization\",\"@id\":\"https:\\\/\\\/www.hellocare.com\\\/blog\\\/#organization\",\"name\":\"Hellocare\",\"url\":\"https:\\\/\\\/www.hellocare.com\\\/blog\\\/\",\"logo\":{\"@type\":\"ImageObject\",\"inLanguage\":\"fr-FR\",\"@id\":\"https:\\\/\\\/www.hellocare.com\\\/blog\\\/#\\\/schema\\\/logo\\\/image\\\/\",\"url\":\"https:\\\/\\\/www.hellocare.com\\\/blog\\\/wp-content\\\/uploads\\\/2020\\\/04\\\/Logo_hellocare.png\",\"contentUrl\":\"https:\\\/\\\/www.hellocare.com\\\/blog\\\/wp-content\\\/uploads\\\/2020\\\/04\\\/Logo_hellocare.png\",\"width\":537,\"height\":431,\"caption\":\"Hellocare\"},\"image\":{\"@id\":\"https:\\\/\\\/www.hellocare.com\\\/blog\\\/#\\\/schema\\\/logo\\\/image\\\/\"},\"sameAs\":[\"https:\\\/\\\/www.facebook.com\\\/hellocareapp\\\/\",\"https:\\\/\\\/x.com\\\/hellocareapp\",\"https:\\\/\\\/www.instagram.com\\\/hellocareapp\",\"https:\\\/\\\/www.linkedin.com\\\/company\\\/hellocare---health-care-everywhere\"],\"description\":\"Sur Hellocare vous pouvez consulter des m\u00e9decins g\u00e9n\u00e9ralistes, des sp\u00e9cialistes ou des th\u00e9rapeutes disponibles pour tous, et rapidement !\",\"email\":\"hello@hellocare.com\",\"telephone\":\"04 85 80 00 23\",\"legalName\":\"Hellocare SAS\",\"foundingDate\":\"2016-06-24\",\"vatID\":\"FR68821232121\",\"taxID\":\"82123212100045\"},{\"@type\":\"Person\",\"@id\":\"https:\\\/\\\/www.hellocare.com\\\/blog\\\/#\\\/schema\\\/person\\\/8492c523f1a5dfe64a4cd21d019a9d1b\",\"name\":\"Hellocare\",\"image\":{\"@type\":\"ImageObject\",\"inLanguage\":\"fr-FR\",\"@id\":\"https:\\\/\\\/www.hellocare.com\\\/blog\\\/wp-content\\\/uploads\\\/2026\\\/01\\\/Logo_hellocare.png\",\"url\":\"https:\\\/\\\/www.hellocare.com\\\/blog\\\/wp-content\\\/uploads\\\/2026\\\/01\\\/Logo_hellocare.png\",\"contentUrl\":\"https:\\\/\\\/www.hellocare.com\\\/blog\\\/wp-content\\\/uploads\\\/2026\\\/01\\\/Logo_hellocare.png\",\"caption\":\"Hellocare\"},\"url\":\"https:\\\/\\\/www.hellocare.com\\\/blog\\\/author\\\/hellocare\\\/\"}]}<\/script>\n<!-- \/ Yoast SEO Premium plugin. -->","yoast_head_json":{"title":"Asthme : Contr\u00f4ler la maladie pour ne plus suffoquer","description":"Ce que les asthmatiques redoutent, c\u2019est la crise d\u2019asthme. Cependant, pr\u00e9venir la crise est possible en prenant bien ses traitements","robots":{"index":"index","follow":"follow","max-snippet":"max-snippet:-1","max-image-preview":"max-image-preview:large","max-video-preview":"max-video-preview:-1"},"canonical":"https:\/\/www.hellocare.com\/blog\/asthme-controler\/","og_locale":"fr_FR","og_type":"article","og_title":"Asthme : Contr\u00f4ler la maladie pour ne plus suffoquer","og_url":"https:\/\/www.hellocare.com\/blog\/asthme-controler\/","og_site_name":"Hellocare","article_publisher":"https:\/\/www.facebook.com\/hellocareapp\/","article_published_time":"2017-10-02T13:19:32+00:00","article_modified_time":"2025-12-05T09:10:15+00:00","og_image":[{"width":768,"height":512,"url":"https:\/\/www.hellocare.com\/blog\/wp-content\/uploads\/2017\/10\/asthme.jpg","type":"image\/jpeg"}],"author":"Hellocare","twitter_card":"summary_large_image","twitter_creator":"@hellocareapp","twitter_site":"@hellocareapp","twitter_misc":{"\u00c9crit par":"Hellocare","Dur\u00e9e de lecture estim\u00e9e":"14 minutes"},"schema":{"@context":"https:\/\/schema.org","@graph":[{"@type":"Article","@id":"https:\/\/www.hellocare.com\/blog\/asthme-controler\/#article","isPartOf":{"@id":"https:\/\/www.hellocare.com\/blog\/asthme-controler\/"},"author":{"name":"Hellocare","@id":"https:\/\/www.hellocare.com\/blog\/#\/schema\/person\/8492c523f1a5dfe64a4cd21d019a9d1b"},"headline":"Asthme : Contr\u00f4ler la maladie pour ne plus suffoquer","datePublished":"2017-10-02T13:19:32+00:00","dateModified":"2025-12-05T09:10:15+00:00","mainEntityOfPage":{"@id":"https:\/\/www.hellocare.com\/blog\/asthme-controler\/"},"wordCount":2739,"publisher":{"@id":"https:\/\/www.hellocare.com\/blog\/#organization"},"image":{"@id":"https:\/\/www.hellocare.com\/blog\/asthme-controler\/#primaryimage"},"thumbnailUrl":"https:\/\/www.hellocare.com\/blog\/wp-content\/uploads\/2017\/10\/asthme.jpg","articleSection":["Sant\u00e9 g\u00e9n\u00e9rale &amp; M\u00e9decine"],"inLanguage":"fr-FR"},{"@type":"WebPage","@id":"https:\/\/www.hellocare.com\/blog\/asthme-controler\/","url":"https:\/\/www.hellocare.com\/blog\/asthme-controler\/","name":"Asthme : Contr\u00f4ler la maladie pour ne plus suffoquer","isPartOf":{"@id":"https:\/\/www.hellocare.com\/blog\/#website"},"primaryImageOfPage":{"@id":"https:\/\/www.hellocare.com\/blog\/asthme-controler\/#primaryimage"},"image":{"@id":"https:\/\/www.hellocare.com\/blog\/asthme-controler\/#primaryimage"},"thumbnailUrl":"https:\/\/www.hellocare.com\/blog\/wp-content\/uploads\/2017\/10\/asthme.jpg","datePublished":"2017-10-02T13:19:32+00:00","dateModified":"2025-12-05T09:10:15+00:00","description":"Ce que les asthmatiques redoutent, c\u2019est la crise d\u2019asthme. Cependant, pr\u00e9venir la crise est possible en prenant bien ses traitements","breadcrumb":{"@id":"https:\/\/www.hellocare.com\/blog\/asthme-controler\/#breadcrumb"},"inLanguage":"fr-FR","potentialAction":[{"@type":"ReadAction","target":["https:\/\/www.hellocare.com\/blog\/asthme-controler\/"]}]},{"@type":"ImageObject","inLanguage":"fr-FR","@id":"https:\/\/www.hellocare.com\/blog\/asthme-controler\/#primaryimage","url":"https:\/\/www.hellocare.com\/blog\/wp-content\/uploads\/2017\/10\/asthme.jpg","contentUrl":"https:\/\/www.hellocare.com\/blog\/wp-content\/uploads\/2017\/10\/asthme.jpg","width":768,"height":512,"caption":"Femme blonde utilisant une ventoline"},{"@type":"BreadcrumbList","@id":"https:\/\/www.hellocare.com\/blog\/asthme-controler\/#breadcrumb","itemListElement":[{"@type":"ListItem","position":1,"name":"Accueil","item":"https:\/\/www.hellocare.com\/blog\/"},{"@type":"ListItem","position":2,"name":"Asthme : Contr\u00f4ler la maladie pour ne plus suffoquer"}]},{"@type":"WebSite","@id":"https:\/\/www.hellocare.com\/blog\/#website","url":"https:\/\/www.hellocare.com\/blog\/","name":"Hellocare","description":"T\u00e9l\u00e9consultation et M\u00e9decin en ligne","publisher":{"@id":"https:\/\/www.hellocare.com\/blog\/#organization"},"potentialAction":[{"@type":"SearchAction","target":{"@type":"EntryPoint","urlTemplate":"https:\/\/www.hellocare.com\/blog\/?s={search_term_string}"},"query-input":{"@type":"PropertyValueSpecification","valueRequired":true,"valueName":"search_term_string"}}],"inLanguage":"fr-FR"},{"@type":"Organization","@id":"https:\/\/www.hellocare.com\/blog\/#organization","name":"Hellocare","url":"https:\/\/www.hellocare.com\/blog\/","logo":{"@type":"ImageObject","inLanguage":"fr-FR","@id":"https:\/\/www.hellocare.com\/blog\/#\/schema\/logo\/image\/","url":"https:\/\/www.hellocare.com\/blog\/wp-content\/uploads\/2020\/04\/Logo_hellocare.png","contentUrl":"https:\/\/www.hellocare.com\/blog\/wp-content\/uploads\/2020\/04\/Logo_hellocare.png","width":537,"height":431,"caption":"Hellocare"},"image":{"@id":"https:\/\/www.hellocare.com\/blog\/#\/schema\/logo\/image\/"},"sameAs":["https:\/\/www.facebook.com\/hellocareapp\/","https:\/\/x.com\/hellocareapp","https:\/\/www.instagram.com\/hellocareapp","https:\/\/www.linkedin.com\/company\/hellocare---health-care-everywhere"],"description":"Sur Hellocare vous pouvez consulter des m\u00e9decins g\u00e9n\u00e9ralistes, des sp\u00e9cialistes ou des th\u00e9rapeutes disponibles pour tous, et rapidement !","email":"hello@hellocare.com","telephone":"04 85 80 00 23","legalName":"Hellocare SAS","foundingDate":"2016-06-24","vatID":"FR68821232121","taxID":"82123212100045"},{"@type":"Person","@id":"https:\/\/www.hellocare.com\/blog\/#\/schema\/person\/8492c523f1a5dfe64a4cd21d019a9d1b","name":"Hellocare","image":{"@type":"ImageObject","inLanguage":"fr-FR","@id":"https:\/\/www.hellocare.com\/blog\/wp-content\/uploads\/2026\/01\/Logo_hellocare.png","url":"https:\/\/www.hellocare.com\/blog\/wp-content\/uploads\/2026\/01\/Logo_hellocare.png","contentUrl":"https:\/\/www.hellocare.com\/blog\/wp-content\/uploads\/2026\/01\/Logo_hellocare.png","caption":"Hellocare"},"url":"https:\/\/www.hellocare.com\/blog\/author\/hellocare\/"}]}},"_links":{"self":[{"href":"https:\/\/www.hellocare.com\/blog\/wp-json\/wp\/v2\/posts\/19061","targetHints":{"allow":["GET"]}}],"collection":[{"href":"https:\/\/www.hellocare.com\/blog\/wp-json\/wp\/v2\/posts"}],"about":[{"href":"https:\/\/www.hellocare.com\/blog\/wp-json\/wp\/v2\/types\/post"}],"author":[{"embeddable":true,"href":"https:\/\/www.hellocare.com\/blog\/wp-json\/wp\/v2\/users\/28"}],"replies":[{"embeddable":true,"href":"https:\/\/www.hellocare.com\/blog\/wp-json\/wp\/v2\/comments?post=19061"}],"version-history":[{"count":2,"href":"https:\/\/www.hellocare.com\/blog\/wp-json\/wp\/v2\/posts\/19061\/revisions"}],"predecessor-version":[{"id":36997,"href":"https:\/\/www.hellocare.com\/blog\/wp-json\/wp\/v2\/posts\/19061\/revisions\/36997"}],"wp:featuredmedia":[{"embeddable":true,"href":"https:\/\/www.hellocare.com\/blog\/wp-json\/wp\/v2\/media\/24023"}],"wp:attachment":[{"href":"https:\/\/www.hellocare.com\/blog\/wp-json\/wp\/v2\/media?parent=19061"}],"wp:term":[{"taxonomy":"category","embeddable":true,"href":"https:\/\/www.hellocare.com\/blog\/wp-json\/wp\/v2\/categories?post=19061"},{"taxonomy":"post_tag","embeddable":true,"href":"https:\/\/www.hellocare.com\/blog\/wp-json\/wp\/v2\/tags?post=19061"}],"curies":[{"name":"wp","href":"https:\/\/api.w.org\/{rel}","templated":true}]}}