{"id":20149,"date":"2017-12-13T09:00:19","date_gmt":"2017-12-13T08:00:19","guid":{"rendered":"https:\/\/hellocare.com\/?p=20149"},"modified":"2025-12-05T10:10:38","modified_gmt":"2025-12-05T09:10:38","slug":"depression-post-partum-du-papa","status":"publish","type":"post","link":"https:\/\/www.hellocare.com\/blog\/depression-post-partum-du-papa\/","title":{"rendered":"D\u00e9pression post-partum du papa : un r\u00f4le \u00e0 accepter"},"content":{"rendered":"<p><div class=\"fusion-fullwidth fullwidth-box fusion-builder-row-1 nonhundred-percent-fullwidth non-hundred-percent-height-scrolling\" style=\"--awb-border-radius-top-left:0px;--awb-border-radius-top-right:0px;--awb-border-radius-bottom-right:0px;--awb-border-radius-bottom-left:0px;--awb-margin-top:0px;--awb-margin-bottom:0px;--awb-flex-wrap:wrap;\" ><div class=\"fusion-builder-row fusion-row\"><div class=\"fusion-layout-column fusion_builder_column fusion-builder-column-0 fusion_builder_column_1_1 1_1 fusion-one-full fusion-column-first fusion-column-last\" style=\"--awb-bg-size:cover;\"><div class=\"fusion-column-wrapper fusion-column-has-shadow fusion-flex-column-wrapper-legacy\"><div class=\"fusion-content-boxes content-boxes columns row fusion-columns-1 fusion-columns-total-1 fusion-content-boxes-1 content-boxes-clean-vertical content-left content-boxes-icon-on-top\" style=\"--awb-backgroundcolor:#f3f6f7;--awb-body-color:#1f1f1f;--awb-title-color:#1f1f1f;--awb-iconcolor:#ffffff;--awb-hover-accent-color:#3bb2b8;--awb-circle-hover-accent-color:#3bb2b8;--awb-item-margin-bottom:40px;\" data-animationOffset=\"top-into-view\"><div style=\"--awb-backgroundcolor:#f3f6f7;--awb-iconcolor:#ffffff;border-color:rgba(255,255,255,0);\" class=\"fusion-column content-box-column content-box-column content-box-column-1 col-lg-12 col-md-12 col-sm-12 fusion-content-box-hover content-box-column-last content-box-column-last-in-row\"><div class=\"col content-box-wrapper content-wrapper-background link-area-link-icon link-type-button icon-hover-animation-pulsate\" data-animationOffset=\"top-into-view\"><div class=\"heading heading-with-icon icon-left\"><a class=\"heading-link\" href=\"https:\/\/www.hellocare.com\/psychologue\" target=\"_self\"><div class=\"icon\"><i style=\"border-color:rgba(77,57,233,0);border-width:0px;background-color:#3bb2b8;box-sizing:content-box;height:48px;width:48px;line-height:48px;border-radius:100%;font-size:24px;\" aria-hidden=\"true\" class=\"fontawesome-icon fa-video fas circle-yes\"><\/i><\/div><h2 class=\"content-box-heading fusion-responsive-typography-calculated\" style=\"--h2_typography-font-size:24px;--fontSize:24;line-height:1.25;\">Psychologues en t\u00e9l\u00e9consultation<\/h2><\/a><\/div><div class=\"fusion-clearfix\"><\/div><div class=\"content-container\">\n<p>Psychologues disponibles pour des consultations en vid\u00e9o.<\/p>\n<\/div><div class=\"fusion-clearfix\"><\/div><a class=\"fusion-read-more-button fusion-content-box-button fusion-button button-default fusion-button-default-size button- button-flat\" href=\"https:\/\/www.hellocare.com\/psychologue\" target=\"_self\"><span class=\"fusion-button-text\">PRENDRE RDV<\/span><\/a><div class=\"fusion-clearfix\"><\/div><\/div><\/div><div class=\"fusion-clearfix\"><\/div><\/div><div class=\"fusion-clearfix\"><\/div><\/div><\/div><\/div><\/div><div class=\"fusion-fullwidth fullwidth-box fusion-builder-row-2 nonhundred-percent-fullwidth non-hundred-percent-height-scrolling\" style=\"--awb-border-radius-top-left:0px;--awb-border-radius-top-right:0px;--awb-border-radius-bottom-right:0px;--awb-border-radius-bottom-left:0px;--awb-flex-wrap:wrap;\" ><div class=\"fusion-builder-row fusion-row\"><div class=\"fusion-layout-column fusion_builder_column fusion-builder-column-1 fusion_builder_column_1_1 1_1 fusion-one-full fusion-column-first fusion-column-last\" style=\"--awb-bg-size:cover;\"><div class=\"fusion-column-wrapper fusion-column-has-shadow fusion-flex-column-wrapper-legacy\"><div class=\"fusion-text fusion-text-1\"><p><em>Par Martine Robert, Sage-femme<\/em><\/p>\n<\/div><div class=\"fusion-clearfix\"><\/div><\/div><\/div><\/div><\/div><div class=\"fusion-fullwidth fullwidth-box fusion-builder-row-3 nonhundred-percent-fullwidth non-hundred-percent-height-scrolling\" style=\"--awb-border-radius-top-left:0px;--awb-border-radius-top-right:0px;--awb-border-radius-bottom-right:0px;--awb-border-radius-bottom-left:0px;--awb-flex-wrap:wrap;\" ><div class=\"fusion-builder-row fusion-row\"><div class=\"fusion-layout-column fusion_builder_column fusion-builder-column-2 fusion_builder_column_1_1 1_1 fusion-one-full fusion-column-first fusion-column-last\" style=\"--awb-bg-size:cover;\"><div class=\"fusion-column-wrapper fusion-column-has-shadow fusion-flex-column-wrapper-legacy\"><div class=\"fusion-text fusion-text-2\"><p><span style=\"font-size: regular;\"><span style=\"font-size: 18px; line-height: 1.6em; letter-spacing: 0px;\"><span class=\"fusion-dropcap dropcap\">N<\/span>ous connaissons bien la d\u00e9pression du post partum chez les jeunes mamans, mais qu\u2019en est-il des papas ? Estimons-nous suffisamment leur bien-\u00eatre, leur ressenti ? Comme les futures ou jeunes mamans, les papas peuvent vivre dans la p\u00e9riode pr\u00e9c\u00e9dant l\u2019arriv\u00e9e de leur b\u00e9b\u00e9 et longtemps apr\u00e8s une d\u00e9pression.<\/span><!--more--><\/span><\/p>\n<\/div><div class=\"fusion-clearfix\"><\/div><\/div><\/div><\/div><\/div><div class=\"fusion-fullwidth fullwidth-box fusion-builder-row-4 nonhundred-percent-fullwidth non-hundred-percent-height-scrolling\" style=\"--awb-border-radius-top-left:0px;--awb-border-radius-top-right:0px;--awb-border-radius-bottom-right:0px;--awb-border-radius-bottom-left:0px;--awb-flex-wrap:wrap;\" ><div class=\"fusion-builder-row fusion-row\"><div class=\"fusion-layout-column fusion_builder_column fusion-builder-column-3 fusion_builder_column_1_1 1_1 fusion-one-full fusion-column-first fusion-column-last\" style=\"--awb-bg-size:cover;\"><div class=\"fusion-column-wrapper fusion-column-has-shadow fusion-flex-column-wrapper-legacy\"><div class=\"fusion-image-element fusion-image-align-center fusion-no-small-visibility in-legacy-container\" style=\"text-align:center;--awb-max-width:500px;--awb-caption-title-font-family:var(--h2_typography-font-family);--awb-caption-title-font-weight:var(--h2_typography-font-weight);--awb-caption-title-font-style:var(--h2_typography-font-style);--awb-caption-title-size:var(--h2_typography-font-size);--awb-caption-title-transform:var(--h2_typography-text-transform);--awb-caption-title-line-height:var(--h2_typography-line-height);--awb-caption-title-letter-spacing:var(--h2_typography-letter-spacing);\"><div class=\"imageframe-align-center\"><span class=\" fusion-imageframe imageframe-none imageframe-1 hover-type-none\"><img decoding=\"async\" width=\"768\" height=\"512\" alt=\"depression post-partum papa\" title=\"Depression post-partum papa\" src=\"data:image\/svg+xml,%3Csvg%20xmlns%3D%27http%3A%2F%2Fwww.w3.org%2F2000%2Fsvg%27%20width%3D%27768%27%20height%3D%27512%27%20viewBox%3D%270%200%20768%20512%27%3E%3Crect%20width%3D%27768%27%20height%3D%27512%27%20fill-opacity%3D%220%22%2F%3E%3C%2Fsvg%3E\" data-orig-src=\"https:\/\/www.hellocare.com\/blog\/wp-content\/uploads\/2017\/12\/Depression-post-partum-papa.jpg\" class=\"lazyload img-responsive wp-image-24207\"\/><\/span><\/div><\/div><div class=\"fusion-clearfix\"><\/div><\/div><\/div><\/div><\/div><div class=\"fusion-fullwidth fullwidth-box fusion-builder-row-5 nonhundred-percent-fullwidth non-hundred-percent-height-scrolling\" style=\"--awb-border-radius-top-left:0px;--awb-border-radius-top-right:0px;--awb-border-radius-bottom-right:0px;--awb-border-radius-bottom-left:0px;--awb-flex-wrap:wrap;\" ><div class=\"fusion-builder-row fusion-row\"><div class=\"fusion-layout-column fusion_builder_column fusion-builder-column-4 fusion_builder_column_1_1 1_1 fusion-one-full fusion-column-first fusion-column-last\" style=\"--awb-bg-size:cover;--awb-margin-top:0px;--awb-margin-bottom:0px;\"><div class=\"fusion-column-wrapper fusion-flex-column-wrapper-legacy\"><div class=\"fusion-title title fusion-title-1 fusion-sep-none fusion-title-text fusion-title-size-two\"><h2 class=\"fusion-title-heading title-heading-left fusion-responsive-typography-calculated\" style=\"margin:0;--fontSize:36;line-height:1.25;\"><h2>Une d\u00e9pression \u00e0 ne pas sous-estimer<\/h2><\/h2><\/div><div class=\"fusion-clearfix\"><\/div><\/div><\/div><\/div><\/div><div class=\"fusion-fullwidth fullwidth-box fusion-builder-row-6 nonhundred-percent-fullwidth non-hundred-percent-height-scrolling\" style=\"--awb-border-radius-top-left:0px;--awb-border-radius-top-right:0px;--awb-border-radius-bottom-right:0px;--awb-border-radius-bottom-left:0px;--awb-flex-wrap:wrap;\" ><div class=\"fusion-builder-row fusion-row\"><div class=\"fusion-layout-column fusion_builder_column fusion-builder-column-5 fusion_builder_column_1_1 1_1 fusion-one-full fusion-column-first fusion-column-last\" style=\"--awb-bg-size:cover;--awb-margin-top:0px;--awb-margin-bottom:0px;\"><div class=\"fusion-column-wrapper fusion-flex-column-wrapper-legacy\"><div class=\"fusion-text fusion-text-3\"><div class=\"wpb_text_column wpb_content_element \">\n<div class=\"wpb_wrapper\">\n<h3>Comment la reconna\u00eetre<\/h3>\n<\/div>\n<\/div>\n<div class=\"wpb_text_column wpb_content_element \">\n<div class=\"wpb_wrapper\">\n<p>Changement radical de vie d\u00e8s le retour \u00e0 la maison\u00a0avec des nuits hach\u00e9es et de nouvelles responsabilit\u00e9s. Durant les 11 Jours de cong\u00e9 paternit\u00e9, les jeunes p\u00e8res s\u2019impliquent aux c\u00f4t\u00e9s de la maman et du b\u00e9b\u00e9 d\u2019une mani\u00e8re parfaitement d\u00e9vou\u00e9e. Ils n\u2019ont pas le temps de s\u2019attarder sur leurs propres \u00e9motions, leur propre fatigue, parfois leur difficult\u00e9 \u00e0 se sentir franchement \u00e0 l\u2019aise avec ce b\u00e9b\u00e9, peut \u00eatre m\u00eame l\u2019aimer ou tout au contraire l\u2019aimer trop.<\/p>\n<p>La d\u00e9pression et ses signes apparaissent g\u00e9n\u00e9ralement entre 3 et 6 mois apr\u00e8s la naissance du b\u00e9b\u00e9, avec une humeur irritable, une perte de patience et une soudaine agressivit\u00e9. Il n\u2019est pas rare que le p\u00e8re s\u2019isole, se renferme sur lui-m\u00eame, jusqu\u2019\u00e0 fuir la maison au moindre pr\u00e9texte. \u00c9prouver un manque d\u2019entrain, une perte d\u2019app\u00e9tit et un fort sentiment de culpabilit\u00e9 font \u00e9galement partie des signes qui doivent alerter.<\/p>\n<\/div>\n<\/div>\n<\/div><div class=\"fusion-sep-clear\"><\/div><div class=\"fusion-separator fusion-full-width-sep\" style=\"margin-left: auto;margin-right: auto;margin-bottom:5px;width:100%;\"><\/div><div class=\"fusion-sep-clear\"><\/div><div class=\"fusion-text fusion-text-4\"><div class=\"wpb_text_column wpb_content_element \">\n<div class=\"wpb_wrapper\">\n<h3>Des chiffres<\/h3>\n<\/div>\n<\/div>\n<div class=\"wpb_text_column wpb_content_element \">\n<div class=\"wpb_wrapper\">\n<div id=\"ui-id-2\" class=\"eltd-accordion-content ui-accordion-content ui-helper-reset ui-widget-content ui-corner-bottom ui-accordion-content-active\" role=\"tabpanel\" aria-labelledby=\"ui-id-1\" aria-hidden=\"false\">\n<div class=\"eltd-accordion-content-inner\">\n<div class=\"wpb_text_column wpb_content_element \">\n<div class=\"wpb_wrapper\">\n<p>Selon une \u00e9tude dirig\u00e9e par l\u2019universit\u00e9 de Western Sydney, elle toucherait 13 % des p\u00e8res. Les hommes devenant p\u00e8res aux alentours de 25 ans ont 68 % de risques suppl\u00e9mentaires de conna\u00eetre cette forme de d\u00e9pression que les jeunes p\u00e8res de 36 ans et plus. Si elle s\u2019associe \u00e0 celle de la jeune maman, elle toucherait alors 50 % des p\u00e8res.\u00a0C\u2019est donc bien une r\u00e9alit\u00e9 qu\u2019il serait temps de ne pas sous-estim\u00e9e.<\/p>\n<\/div>\n<\/div>\n<\/div>\n<\/div>\n<\/div>\n<\/div>\n<\/div><div class=\"fusion-sep-clear\"><\/div><div class=\"fusion-separator fusion-full-width-sep\" style=\"margin-left: auto;margin-right: auto;margin-bottom:5px;width:100%;\"><\/div><div class=\"fusion-sep-clear\"><\/div><div class=\"fusion-text fusion-text-5\"><div class=\"wpb_text_column wpb_content_element \">\n<div class=\"wpb_wrapper\">\n<h3>Ses principales causes<\/h3>\n<\/div>\n<\/div>\n<div class=\"wpb_text_column wpb_content_element \">\n<div class=\"wpb_wrapper\">\n<div id=\"ui-id-4\" class=\"eltd-accordion-content ui-accordion-content ui-helper-reset ui-widget-content ui-corner-bottom ui-accordion-content-active\" role=\"tabpanel\" aria-labelledby=\"ui-id-3\" aria-hidden=\"false\">\n<div class=\"eltd-accordion-content-inner\">\n<div class=\"wpb_text_column wpb_content_element \">\n<div class=\"wpb_wrapper\">\n<p>Nous avons tendance \u00e0 associer uniquement le baby blues ou la difficult\u00e9 \u00e0 la m\u00e8re. Nous en connaissons presque parfaitement les causes (hormonales, bouleversement \u00e9motionnel, fatigue, \u00e9v\u00e9nements familiaux, remaniement psychique) mais \u00a0ne pourraient-elles pas tout autant \u00eatre rattach\u00e9es au p\u00e8re\u00a0?<\/p>\n<p>Un jeune p\u00e8re n\u2019est pas \u00e9pargn\u00e9 du bouleversement \u00e9motionnel et d\u2019une remise en question face aux responsabilit\u00e9s. Face \u00e0 ce b\u00e9b\u00e9 qui d\u00e9sorganise le sch\u00e9ma familial, la gestion de la vie quotidienne devient difficile \u00e0 g\u00e9rer et le mode d\u2019emploi \u00e0 chercher et \u00e0 d\u00e9couvrir peut s\u2019av\u00e9rer compliqu\u00e9.<\/p>\n<p>Les \u00e9motions \u00e9prouv\u00e9es autour des nouveaux sentiments, le stress li\u00e9 \u00e0 certains \u00e9v\u00e8nements qui ont pu se produire \u00e0 la naissance accentuent la fatigue.<\/p>\n<p>Le lien avec sa propre histoire et le remaniement psychique obligatoire, explique \u00e9galement la difficult\u00e9 \u00e9prouv\u00e9e<\/p>\n<\/div>\n<\/div>\n<\/div>\n<\/div>\n<\/div>\n<\/div>\n<\/div><div class=\"fusion-sep-clear\"><\/div><div class=\"fusion-separator fusion-full-width-sep\" style=\"margin-left: auto;margin-right: auto;margin-bottom:5px;width:100%;\"><\/div><div class=\"fusion-sep-clear\"><\/div><div class=\"fusion-text fusion-text-6\"><div class=\"wpb_text_column wpb_content_element \">\n<div class=\"wpb_wrapper\">\n<h3>Que faire ?<\/h3>\n<\/div>\n<\/div>\n<div class=\"wpb_text_column wpb_content_element \">\n<div class=\"wpb_wrapper\">\n<div id=\"ui-id-6\" class=\"eltd-accordion-content ui-accordion-content ui-helper-reset ui-widget-content ui-corner-bottom ui-accordion-content-active\" role=\"tabpanel\" aria-labelledby=\"ui-id-5\" aria-hidden=\"false\">\n<div class=\"eltd-accordion-content-inner\">\n<div class=\"wpb_text_column wpb_content_element \">\n<div class=\"wpb_wrapper\">\n<p>L\u2019anxi\u00e9t\u00e9, les peurs \u00e0 anticiper et \u00e0 exprimer dans la p\u00e9riode pr\u00e9natale devraient permettre aux p\u00e8res, d\u00e8s l\u2019apparition des signes apr\u00e8s la naissance, de ne pas s\u2019enfoncer dans cette d\u00e9pression.<\/p>\n<p>Lever le tabou autour de leurs sentiments, les autorisant \u00e0 s\u2019exprimer et \u00e0 \u00e9prouver naturellement leur difficult\u00e9 dans cette p\u00e9riode cruciale de leur vie, devrait permettre de pr\u00e9venir ce mal \u00eatre auquel nous portons trop peu d\u2019attention.<\/p>\n<p>Provoquer la discussion tout d\u2019abord dans un cadre familial, lorsque l\u2019on se retrouve \u00e0 2, pour permettre que les peurs et angoisses \u00e9mergent, constitue une premi\u00e8re \u00e9tape. Il sera peut \u00eatre n\u00e9cessaire ensuite de s\u2019orienter vers des organisations plus sp\u00e9cialis\u00e9es, et des conseils \u00e0 prendre aupr\u00e8s d\u2019un m\u00e9decin ou d\u2019un psychologue.<\/p>\n<\/div>\n<\/div>\n<\/div>\n<\/div>\n<\/div>\n<\/div>\n<\/div><div class=\"fusion-clearfix\"><\/div><\/div><\/div><\/div><\/div><div class=\"fusion-fullwidth fullwidth-box fusion-builder-row-7 nonhundred-percent-fullwidth non-hundred-percent-height-scrolling\" style=\"--awb-border-radius-top-left:0px;--awb-border-radius-top-right:0px;--awb-border-radius-bottom-right:0px;--awb-border-radius-bottom-left:0px;--awb-margin-top:5%;--awb-margin-bottom:5%;--awb-flex-wrap:wrap;\" ><div class=\"fusion-builder-row fusion-row\"><div class=\"fusion-layout-column fusion_builder_column fusion-builder-column-6 fusion_builder_column_1_1 1_1 fusion-one-full fusion-column-first fusion-column-last\" style=\"--awb-bg-size:cover;\"><div class=\"fusion-column-wrapper fusion-column-has-shadow fusion-flex-column-wrapper-legacy\"><div class=\"fusion-text fusion-text-7\"><p><em><a href=\"https:\/\/www.hellocare.com\" target=\"_blank\" rel=\"noopener noreferrer\">&gt; Pour levez le doute sur votre \u00e9tat de sant\u00e9, parlez \u00e0 un m\u00e9decin sans rdv<\/a><\/em><\/p>\n<\/div><div class=\"fusion-clearfix\"><\/div><\/div><\/div><\/div><\/div><div class=\"fusion-fullwidth fullwidth-box fusion-builder-row-8 nonhundred-percent-fullwidth non-hundred-percent-height-scrolling\" style=\"--awb-border-radius-top-left:0px;--awb-border-radius-top-right:0px;--awb-border-radius-bottom-right:0px;--awb-border-radius-bottom-left:0px;--awb-flex-wrap:wrap;\" ><div class=\"fusion-builder-row fusion-row\"><div class=\"fusion-layout-column fusion_builder_column fusion-builder-column-7 fusion_builder_column_1_1 1_1 fusion-one-full fusion-column-first fusion-column-last\" style=\"--awb-bg-size:cover;--awb-margin-top:0px;--awb-margin-bottom:0px;\"><div class=\"fusion-column-wrapper fusion-flex-column-wrapper-legacy\"><div class=\"fusion-title title fusion-title-2 fusion-sep-none fusion-title-text fusion-title-size-two\"><h2 class=\"fusion-title-heading title-heading-left fusion-responsive-typography-calculated\" style=\"margin:0;--fontSize:36;line-height:1.25;\"><h2>Les conseils de la sage-femme<\/h2><\/h2><\/div><div class=\"fusion-clearfix\"><\/div><\/div><\/div><\/div><\/div><div class=\"fusion-fullwidth fullwidth-box fusion-builder-row-9 nonhundred-percent-fullwidth non-hundred-percent-height-scrolling\" style=\"--awb-border-radius-top-left:0px;--awb-border-radius-top-right:0px;--awb-border-radius-bottom-right:0px;--awb-border-radius-bottom-left:0px;--awb-flex-wrap:wrap;\" ><div class=\"fusion-builder-row fusion-row\"><div class=\"fusion-layout-column fusion_builder_column fusion-builder-column-8 fusion_builder_column_1_1 1_1 fusion-one-full fusion-column-first fusion-column-last\" style=\"--awb-bg-size:cover;--awb-margin-top:0px;--awb-margin-bottom:0px;\"><div class=\"fusion-column-wrapper fusion-flex-column-wrapper-legacy\"><div class=\"fusion-text fusion-text-8\"><h3>Anticiper<\/h3>\n<div id=\"ui-id-8\" class=\"eltd-accordion-content ui-accordion-content ui-helper-reset ui-widget-content ui-corner-bottom ui-accordion-content-active\" role=\"tabpanel\" aria-labelledby=\"ui-id-7\" aria-hidden=\"false\">\n<div class=\"eltd-accordion-content-inner\">\n<div class=\"wpb_text_column wpb_content_element \">\n<div class=\"wpb_wrapper\">\n<p>Tout est une question d\u2019anticipation \u00e0 appr\u00e9hender avant la naissance face \u00e0 des professionnels devant autoriser la parole dans ce sens\u00a0: expression de l\u2019anxi\u00e9t\u00e9, des angoisses, des sentiments et des peurs li\u00e9s \u00e0 la venue du b\u00e9b\u00e9.<\/p>\n<\/div>\n<\/div>\n<\/div>\n<\/div>\n<\/div><div class=\"fusion-sep-clear\"><\/div><div class=\"fusion-separator fusion-full-width-sep\" style=\"margin-left: auto;margin-right: auto;margin-bottom:5%;width:100%;\"><\/div><div class=\"fusion-sep-clear\"><\/div><div class=\"fusion-text fusion-text-9\"><h3>Prendre soin de vous<\/h3>\n<div id=\"ui-id-10\" class=\"eltd-accordion-content ui-accordion-content ui-helper-reset ui-widget-content ui-corner-bottom ui-accordion-content-active\" role=\"tabpanel\" aria-labelledby=\"ui-id-9\" aria-hidden=\"false\">\n<div class=\"eltd-accordion-content-inner\">\n<div class=\"wpb_text_column wpb_content_element \">\n<div class=\"wpb_wrapper\">\n<p>Prendre soin de sa petite femme, de son b\u00e9b\u00e9 c\u2019est bien, prendre soin de soi fait aussi partie de la meilleure des prescriptions \u00e0 avoir pour que toute la famille en profite. Veillez \u00e0 votre bien \u00eatre et consultez au moindre doute. Si revenir ou repensez \u00e0 votre propre relation \u00e0 votre p\u00e8re vous parait douloureuse ou compliqu\u00e9, parlez-en et consultez.<\/p>\n<\/div>\n<\/div>\n<\/div>\n<\/div>\n<\/div><div class=\"fusion-sep-clear\"><\/div><div class=\"fusion-separator fusion-full-width-sep\" style=\"margin-left: auto;margin-right: auto;width:100%;\"><\/div><div class=\"fusion-sep-clear\"><\/div><div class=\"fusion-text fusion-text-10\"><h3 id=\"ui-id-11\" class=\"clearfix eltd-title-holder ui-accordion-header ui-state-default ui-state-focus ui-accordion-header-active ui-state-active ui-corner-top\" tabindex=\"0\" role=\"tab\" aria-controls=\"ui-id-12\" aria-selected=\"true\" aria-expanded=\"true\"><span class=\"eltd-tab-title\"><span class=\"eltd-tab-title-inner\">Se confier<\/span><\/span><\/h3>\n<div id=\"ui-id-12\" class=\"eltd-accordion-content ui-accordion-content ui-helper-reset ui-widget-content ui-corner-bottom ui-accordion-content-active\" role=\"tabpanel\" aria-labelledby=\"ui-id-11\" aria-hidden=\"false\">\n<div class=\"eltd-accordion-content-inner\">\n<div class=\"wpb_text_column wpb_content_element \">\n<div class=\"wpb_wrapper\">\n<p>La d\u00e9pression post natale paternelle est bel et bien r\u00e9elle. \u00catre d\u00e9pass\u00e9 par ses \u00e9motions et son nouveau r\u00f4le de papa n\u2019a rien d\u2019anormal et de d\u00e9shonorant. Osez-vous confier sans tabou\u00a0! Vous \u00eates 2 dans cette \u00ab\u00a0gal\u00e8re\u00a0\u00bb, en tout cas soyez assur\u00e9 que vous n\u2019\u00eates pas et plus tout seul\u00a0 <\/p>\n<\/div>\n<\/div>\n<\/div>\n<\/div>\n<\/div><div class=\"fusion-clearfix\"><\/div><\/div><\/div><\/div><\/div><div class=\"fusion-fullwidth fullwidth-box fusion-builder-row-10 nonhundred-percent-fullwidth non-hundred-percent-height-scrolling\" style=\"--awb-border-radius-top-left:0px;--awb-border-radius-top-right:0px;--awb-border-radius-bottom-right:0px;--awb-border-radius-bottom-left:0px;--awb-flex-wrap:wrap;\" ><div class=\"fusion-builder-row fusion-row\"><div class=\"fusion-layout-column fusion_builder_column fusion-builder-column-9 fusion_builder_column_1_1 1_1 fusion-one-full fusion-column-first fusion-column-last\" style=\"--awb-bg-size:cover;\"><div class=\"fusion-column-wrapper fusion-column-has-shadow fusion-flex-column-wrapper-legacy\"><div class=\"fusion-image-element in-legacy-container\" style=\"--awb-caption-title-font-family:var(--h2_typography-font-family);--awb-caption-title-font-weight:var(--h2_typography-font-weight);--awb-caption-title-font-style:var(--h2_typography-font-style);--awb-caption-title-size:var(--h2_typography-font-size);--awb-caption-title-transform:var(--h2_typography-text-transform);--awb-caption-title-line-height:var(--h2_typography-line-height);--awb-caption-title-letter-spacing:var(--h2_typography-letter-spacing);\"><span class=\" fusion-imageframe imageframe-none imageframe-2 hover-type-none\"><a class=\"fusion-no-lightbox\" href=\"https:\/\/www.hellocare.com\/psychologue\" target=\"_self\" aria-label=\"consulter_psy_en_ligne\"><img decoding=\"async\" width=\"768\" height=\"334\" alt=\"consulter m\u00e9decin en ligne\" src=\"https:\/\/www.hellocare.com\/blog\/wp-content\/uploads\/2017\/04\/consulter_psy_en_ligne.jpg\" data-orig-src=\"https:\/\/www.hellocare.com\/blog\/wp-content\/uploads\/2017\/04\/consulter_psy_en_ligne.jpg\" class=\"lazyload img-responsive wp-image-28137\" srcset=\"data:image\/svg+xml,%3Csvg%20xmlns%3D%27http%3A%2F%2Fwww.w3.org%2F2000%2Fsvg%27%20width%3D%27768%27%20height%3D%27334%27%20viewBox%3D%270%200%20768%20334%27%3E%3Crect%20width%3D%27768%27%20height%3D%27334%27%20fill-opacity%3D%220%22%2F%3E%3C%2Fsvg%3E\" data-srcset=\"https:\/\/www.hellocare.com\/blog\/wp-content\/uploads\/2017\/04\/consulter_psy_en_ligne-200x87.jpg 200w, https:\/\/www.hellocare.com\/blog\/wp-content\/uploads\/2017\/04\/consulter_psy_en_ligne-400x174.jpg 400w, https:\/\/www.hellocare.com\/blog\/wp-content\/uploads\/2017\/04\/consulter_psy_en_ligne-600x261.jpg 600w, https:\/\/www.hellocare.com\/blog\/wp-content\/uploads\/2017\/04\/consulter_psy_en_ligne.jpg 768w, https:\/\/www.hellocare.com\/blog\/wp-content\/uploads\/2017\/04\/consulter_psy_en_ligne-800x348.jpg 800w, https:\/\/www.hellocare.com\/blog\/wp-content\/uploads\/2017\/04\/consulter_psy_en_ligne-1200x522.jpg 1200w\" data-sizes=\"auto\" data-orig-sizes=\"(max-width: 1000px) 100vw, 768px\" \/><\/a><\/span><\/div><div class=\"fusion-clearfix\"><\/div><\/div><\/div><\/div><\/div><\/p>\n","protected":false},"excerpt":{"rendered":"<p>ous connaissons bien la d\u00e9pression du post partum chez les jeunes mamans, mais qu\u2019en est-il des papas ?<\/p>\n","protected":false},"author":28,"featured_media":24207,"comment_status":"closed","ping_status":"closed","sticky":false,"template":"","format":"standard","meta":{"_acf_changed":false,"inline_featured_image":false,"footnotes":""},"categories":[575],"tags":[],"class_list":["post-20149","post","type-post","status-publish","format-standard","has-post-thumbnail","hentry","category-sante-generale-medecine"],"acf":[],"yoast_head":"<!-- This site is optimized with the Yoast SEO Premium plugin v26.5 (Yoast SEO v27.5) - https:\/\/yoast.com\/product\/yoast-seo-premium-wordpress\/ -->\n<title>D\u00e9pression post-partum du papa : un r\u00f4le \u00e0 accepter<\/title>\n<meta name=\"description\" content=\"Elle est bien connue chez la maman mais il existe aussi une d\u00e9pression post-partum du papa. Quelles causes ? Quelles cons\u00e9quences ? On vous dit tout\" \/>\n<meta name=\"robots\" content=\"index, follow, max-snippet:-1, max-image-preview:large, max-video-preview:-1\" \/>\n<link rel=\"canonical\" href=\"https:\/\/www.hellocare.com\/blog\/depression-post-partum-du-papa\/\" \/>\n<meta property=\"og:locale\" content=\"fr_FR\" \/>\n<meta property=\"og:type\" content=\"article\" \/>\n<meta property=\"og:title\" content=\"D\u00e9pression post-partum du papa : un r\u00f4le \u00e0 accepter\" \/>\n<meta property=\"og:url\" content=\"https:\/\/www.hellocare.com\/blog\/depression-post-partum-du-papa\/\" \/>\n<meta property=\"og:site_name\" content=\"Hellocare\" \/>\n<meta property=\"article:publisher\" content=\"https:\/\/www.facebook.com\/hellocareapp\/\" \/>\n<meta property=\"article:published_time\" content=\"2017-12-13T08:00:19+00:00\" \/>\n<meta property=\"article:modified_time\" content=\"2025-12-05T09:10:38+00:00\" \/>\n<meta property=\"og:image\" content=\"https:\/\/www.hellocare.com\/blog\/wp-content\/uploads\/2017\/12\/Depression-post-partum-papa.jpg\" \/>\n\t<meta property=\"og:image:width\" content=\"768\" \/>\n\t<meta property=\"og:image:height\" content=\"512\" \/>\n\t<meta property=\"og:image:type\" content=\"image\/jpeg\" \/>\n<meta name=\"author\" content=\"Hellocare\" \/>\n<meta name=\"twitter:card\" content=\"summary_large_image\" \/>\n<meta name=\"twitter:creator\" content=\"@hellocareapp\" \/>\n<meta name=\"twitter:site\" content=\"@hellocareapp\" \/>\n<meta name=\"twitter:label1\" content=\"\u00c9crit par\" \/>\n\t<meta name=\"twitter:data1\" content=\"Hellocare\" \/>\n\t<meta name=\"twitter:label2\" content=\"Dur\u00e9e de lecture estim\u00e9e\" \/>\n\t<meta name=\"twitter:data2\" content=\"9 minutes\" \/>\n<script type=\"application\/ld+json\" class=\"yoast-schema-graph\">{\"@context\":\"https:\\\/\\\/schema.org\",\"@graph\":[{\"@type\":\"Article\",\"@id\":\"https:\\\/\\\/www.hellocare.com\\\/blog\\\/depression-post-partum-du-papa\\\/#article\",\"isPartOf\":{\"@id\":\"https:\\\/\\\/www.hellocare.com\\\/blog\\\/depression-post-partum-du-papa\\\/\"},\"author\":{\"name\":\"Hellocare\",\"@id\":\"https:\\\/\\\/www.hellocare.com\\\/blog\\\/#\\\/schema\\\/person\\\/8492c523f1a5dfe64a4cd21d019a9d1b\"},\"headline\":\"D\u00e9pression post-partum du papa : un r\u00f4le \u00e0 accepter\",\"datePublished\":\"2017-12-13T08:00:19+00:00\",\"dateModified\":\"2025-12-05T09:10:38+00:00\",\"mainEntityOfPage\":{\"@id\":\"https:\\\/\\\/www.hellocare.com\\\/blog\\\/depression-post-partum-du-papa\\\/\"},\"wordCount\":3748,\"publisher\":{\"@id\":\"https:\\\/\\\/www.hellocare.com\\\/blog\\\/#organization\"},\"image\":{\"@id\":\"https:\\\/\\\/www.hellocare.com\\\/blog\\\/depression-post-partum-du-papa\\\/#primaryimage\"},\"thumbnailUrl\":\"https:\\\/\\\/www.hellocare.com\\\/blog\\\/wp-content\\\/uploads\\\/2017\\\/12\\\/Depression-post-partum-papa.jpg\",\"articleSection\":[\"Sant\u00e9 g\u00e9n\u00e9rale &amp; M\u00e9decine\"],\"inLanguage\":\"fr-FR\"},{\"@type\":\"WebPage\",\"@id\":\"https:\\\/\\\/www.hellocare.com\\\/blog\\\/depression-post-partum-du-papa\\\/\",\"url\":\"https:\\\/\\\/www.hellocare.com\\\/blog\\\/depression-post-partum-du-papa\\\/\",\"name\":\"D\u00e9pression post-partum du papa : un r\u00f4le \u00e0 accepter\",\"isPartOf\":{\"@id\":\"https:\\\/\\\/www.hellocare.com\\\/blog\\\/#website\"},\"primaryImageOfPage\":{\"@id\":\"https:\\\/\\\/www.hellocare.com\\\/blog\\\/depression-post-partum-du-papa\\\/#primaryimage\"},\"image\":{\"@id\":\"https:\\\/\\\/www.hellocare.com\\\/blog\\\/depression-post-partum-du-papa\\\/#primaryimage\"},\"thumbnailUrl\":\"https:\\\/\\\/www.hellocare.com\\\/blog\\\/wp-content\\\/uploads\\\/2017\\\/12\\\/Depression-post-partum-papa.jpg\",\"datePublished\":\"2017-12-13T08:00:19+00:00\",\"dateModified\":\"2025-12-05T09:10:38+00:00\",\"description\":\"Elle est bien connue chez la maman mais il existe aussi une d\u00e9pression post-partum du papa. Quelles causes ? Quelles cons\u00e9quences ? On vous dit tout\",\"breadcrumb\":{\"@id\":\"https:\\\/\\\/www.hellocare.com\\\/blog\\\/depression-post-partum-du-papa\\\/#breadcrumb\"},\"inLanguage\":\"fr-FR\",\"potentialAction\":[{\"@type\":\"ReadAction\",\"target\":[\"https:\\\/\\\/www.hellocare.com\\\/blog\\\/depression-post-partum-du-papa\\\/\"]}]},{\"@type\":\"ImageObject\",\"inLanguage\":\"fr-FR\",\"@id\":\"https:\\\/\\\/www.hellocare.com\\\/blog\\\/depression-post-partum-du-papa\\\/#primaryimage\",\"url\":\"https:\\\/\\\/www.hellocare.com\\\/blog\\\/wp-content\\\/uploads\\\/2017\\\/12\\\/Depression-post-partum-papa.jpg\",\"contentUrl\":\"https:\\\/\\\/www.hellocare.com\\\/blog\\\/wp-content\\\/uploads\\\/2017\\\/12\\\/Depression-post-partum-papa.jpg\",\"width\":768,\"height\":512,\"caption\":\"depression post-partum papa\"},{\"@type\":\"BreadcrumbList\",\"@id\":\"https:\\\/\\\/www.hellocare.com\\\/blog\\\/depression-post-partum-du-papa\\\/#breadcrumb\",\"itemListElement\":[{\"@type\":\"ListItem\",\"position\":1,\"name\":\"Accueil\",\"item\":\"https:\\\/\\\/www.hellocare.com\\\/blog\\\/\"},{\"@type\":\"ListItem\",\"position\":2,\"name\":\"D\u00e9pression post-partum du papa : un r\u00f4le \u00e0 accepter\"}]},{\"@type\":\"WebSite\",\"@id\":\"https:\\\/\\\/www.hellocare.com\\\/blog\\\/#website\",\"url\":\"https:\\\/\\\/www.hellocare.com\\\/blog\\\/\",\"name\":\"Hellocare\",\"description\":\"T\u00e9l\u00e9consultation et M\u00e9decin en ligne\",\"publisher\":{\"@id\":\"https:\\\/\\\/www.hellocare.com\\\/blog\\\/#organization\"},\"potentialAction\":[{\"@type\":\"SearchAction\",\"target\":{\"@type\":\"EntryPoint\",\"urlTemplate\":\"https:\\\/\\\/www.hellocare.com\\\/blog\\\/?s={search_term_string}\"},\"query-input\":{\"@type\":\"PropertyValueSpecification\",\"valueRequired\":true,\"valueName\":\"search_term_string\"}}],\"inLanguage\":\"fr-FR\"},{\"@type\":\"Organization\",\"@id\":\"https:\\\/\\\/www.hellocare.com\\\/blog\\\/#organization\",\"name\":\"Hellocare\",\"url\":\"https:\\\/\\\/www.hellocare.com\\\/blog\\\/\",\"logo\":{\"@type\":\"ImageObject\",\"inLanguage\":\"fr-FR\",\"@id\":\"https:\\\/\\\/www.hellocare.com\\\/blog\\\/#\\\/schema\\\/logo\\\/image\\\/\",\"url\":\"https:\\\/\\\/www.hellocare.com\\\/blog\\\/wp-content\\\/uploads\\\/2020\\\/04\\\/Logo_hellocare.png\",\"contentUrl\":\"https:\\\/\\\/www.hellocare.com\\\/blog\\\/wp-content\\\/uploads\\\/2020\\\/04\\\/Logo_hellocare.png\",\"width\":537,\"height\":431,\"caption\":\"Hellocare\"},\"image\":{\"@id\":\"https:\\\/\\\/www.hellocare.com\\\/blog\\\/#\\\/schema\\\/logo\\\/image\\\/\"},\"sameAs\":[\"https:\\\/\\\/www.facebook.com\\\/hellocareapp\\\/\",\"https:\\\/\\\/x.com\\\/hellocareapp\",\"https:\\\/\\\/www.instagram.com\\\/hellocareapp\",\"https:\\\/\\\/www.linkedin.com\\\/company\\\/hellocare---health-care-everywhere\"],\"description\":\"Sur Hellocare vous pouvez consulter des m\u00e9decins g\u00e9n\u00e9ralistes, des sp\u00e9cialistes ou des th\u00e9rapeutes disponibles pour tous, et rapidement !\",\"email\":\"hello@hellocare.com\",\"telephone\":\"04 85 80 00 23\",\"legalName\":\"Hellocare SAS\",\"foundingDate\":\"2016-06-24\",\"vatID\":\"FR68821232121\",\"taxID\":\"82123212100045\"},{\"@type\":\"Person\",\"@id\":\"https:\\\/\\\/www.hellocare.com\\\/blog\\\/#\\\/schema\\\/person\\\/8492c523f1a5dfe64a4cd21d019a9d1b\",\"name\":\"Hellocare\",\"image\":{\"@type\":\"ImageObject\",\"inLanguage\":\"fr-FR\",\"@id\":\"https:\\\/\\\/www.hellocare.com\\\/blog\\\/wp-content\\\/uploads\\\/2026\\\/01\\\/Logo_hellocare.png\",\"url\":\"https:\\\/\\\/www.hellocare.com\\\/blog\\\/wp-content\\\/uploads\\\/2026\\\/01\\\/Logo_hellocare.png\",\"contentUrl\":\"https:\\\/\\\/www.hellocare.com\\\/blog\\\/wp-content\\\/uploads\\\/2026\\\/01\\\/Logo_hellocare.png\",\"caption\":\"Hellocare\"},\"url\":\"https:\\\/\\\/www.hellocare.com\\\/blog\\\/author\\\/hellocare\\\/\"}]}<\/script>\n<!-- \/ Yoast SEO Premium plugin. -->","yoast_head_json":{"title":"D\u00e9pression post-partum du papa : un r\u00f4le \u00e0 accepter","description":"Elle est bien connue chez la maman mais il existe aussi une d\u00e9pression post-partum du papa. Quelles causes ? Quelles cons\u00e9quences ? On vous dit tout","robots":{"index":"index","follow":"follow","max-snippet":"max-snippet:-1","max-image-preview":"max-image-preview:large","max-video-preview":"max-video-preview:-1"},"canonical":"https:\/\/www.hellocare.com\/blog\/depression-post-partum-du-papa\/","og_locale":"fr_FR","og_type":"article","og_title":"D\u00e9pression post-partum du papa : un r\u00f4le \u00e0 accepter","og_url":"https:\/\/www.hellocare.com\/blog\/depression-post-partum-du-papa\/","og_site_name":"Hellocare","article_publisher":"https:\/\/www.facebook.com\/hellocareapp\/","article_published_time":"2017-12-13T08:00:19+00:00","article_modified_time":"2025-12-05T09:10:38+00:00","og_image":[{"width":768,"height":512,"url":"https:\/\/www.hellocare.com\/blog\/wp-content\/uploads\/2017\/12\/Depression-post-partum-papa.jpg","type":"image\/jpeg"}],"author":"Hellocare","twitter_card":"summary_large_image","twitter_creator":"@hellocareapp","twitter_site":"@hellocareapp","twitter_misc":{"\u00c9crit par":"Hellocare","Dur\u00e9e de lecture estim\u00e9e":"9 minutes"},"schema":{"@context":"https:\/\/schema.org","@graph":[{"@type":"Article","@id":"https:\/\/www.hellocare.com\/blog\/depression-post-partum-du-papa\/#article","isPartOf":{"@id":"https:\/\/www.hellocare.com\/blog\/depression-post-partum-du-papa\/"},"author":{"name":"Hellocare","@id":"https:\/\/www.hellocare.com\/blog\/#\/schema\/person\/8492c523f1a5dfe64a4cd21d019a9d1b"},"headline":"D\u00e9pression post-partum du papa : un r\u00f4le \u00e0 accepter","datePublished":"2017-12-13T08:00:19+00:00","dateModified":"2025-12-05T09:10:38+00:00","mainEntityOfPage":{"@id":"https:\/\/www.hellocare.com\/blog\/depression-post-partum-du-papa\/"},"wordCount":3748,"publisher":{"@id":"https:\/\/www.hellocare.com\/blog\/#organization"},"image":{"@id":"https:\/\/www.hellocare.com\/blog\/depression-post-partum-du-papa\/#primaryimage"},"thumbnailUrl":"https:\/\/www.hellocare.com\/blog\/wp-content\/uploads\/2017\/12\/Depression-post-partum-papa.jpg","articleSection":["Sant\u00e9 g\u00e9n\u00e9rale &amp; M\u00e9decine"],"inLanguage":"fr-FR"},{"@type":"WebPage","@id":"https:\/\/www.hellocare.com\/blog\/depression-post-partum-du-papa\/","url":"https:\/\/www.hellocare.com\/blog\/depression-post-partum-du-papa\/","name":"D\u00e9pression post-partum du papa : un r\u00f4le \u00e0 accepter","isPartOf":{"@id":"https:\/\/www.hellocare.com\/blog\/#website"},"primaryImageOfPage":{"@id":"https:\/\/www.hellocare.com\/blog\/depression-post-partum-du-papa\/#primaryimage"},"image":{"@id":"https:\/\/www.hellocare.com\/blog\/depression-post-partum-du-papa\/#primaryimage"},"thumbnailUrl":"https:\/\/www.hellocare.com\/blog\/wp-content\/uploads\/2017\/12\/Depression-post-partum-papa.jpg","datePublished":"2017-12-13T08:00:19+00:00","dateModified":"2025-12-05T09:10:38+00:00","description":"Elle est bien connue chez la maman mais il existe aussi une d\u00e9pression post-partum du papa. Quelles causes ? Quelles cons\u00e9quences ? On vous dit tout","breadcrumb":{"@id":"https:\/\/www.hellocare.com\/blog\/depression-post-partum-du-papa\/#breadcrumb"},"inLanguage":"fr-FR","potentialAction":[{"@type":"ReadAction","target":["https:\/\/www.hellocare.com\/blog\/depression-post-partum-du-papa\/"]}]},{"@type":"ImageObject","inLanguage":"fr-FR","@id":"https:\/\/www.hellocare.com\/blog\/depression-post-partum-du-papa\/#primaryimage","url":"https:\/\/www.hellocare.com\/blog\/wp-content\/uploads\/2017\/12\/Depression-post-partum-papa.jpg","contentUrl":"https:\/\/www.hellocare.com\/blog\/wp-content\/uploads\/2017\/12\/Depression-post-partum-papa.jpg","width":768,"height":512,"caption":"depression post-partum papa"},{"@type":"BreadcrumbList","@id":"https:\/\/www.hellocare.com\/blog\/depression-post-partum-du-papa\/#breadcrumb","itemListElement":[{"@type":"ListItem","position":1,"name":"Accueil","item":"https:\/\/www.hellocare.com\/blog\/"},{"@type":"ListItem","position":2,"name":"D\u00e9pression post-partum du papa : un r\u00f4le \u00e0 accepter"}]},{"@type":"WebSite","@id":"https:\/\/www.hellocare.com\/blog\/#website","url":"https:\/\/www.hellocare.com\/blog\/","name":"Hellocare","description":"T\u00e9l\u00e9consultation et M\u00e9decin en ligne","publisher":{"@id":"https:\/\/www.hellocare.com\/blog\/#organization"},"potentialAction":[{"@type":"SearchAction","target":{"@type":"EntryPoint","urlTemplate":"https:\/\/www.hellocare.com\/blog\/?s={search_term_string}"},"query-input":{"@type":"PropertyValueSpecification","valueRequired":true,"valueName":"search_term_string"}}],"inLanguage":"fr-FR"},{"@type":"Organization","@id":"https:\/\/www.hellocare.com\/blog\/#organization","name":"Hellocare","url":"https:\/\/www.hellocare.com\/blog\/","logo":{"@type":"ImageObject","inLanguage":"fr-FR","@id":"https:\/\/www.hellocare.com\/blog\/#\/schema\/logo\/image\/","url":"https:\/\/www.hellocare.com\/blog\/wp-content\/uploads\/2020\/04\/Logo_hellocare.png","contentUrl":"https:\/\/www.hellocare.com\/blog\/wp-content\/uploads\/2020\/04\/Logo_hellocare.png","width":537,"height":431,"caption":"Hellocare"},"image":{"@id":"https:\/\/www.hellocare.com\/blog\/#\/schema\/logo\/image\/"},"sameAs":["https:\/\/www.facebook.com\/hellocareapp\/","https:\/\/x.com\/hellocareapp","https:\/\/www.instagram.com\/hellocareapp","https:\/\/www.linkedin.com\/company\/hellocare---health-care-everywhere"],"description":"Sur Hellocare vous pouvez consulter des m\u00e9decins g\u00e9n\u00e9ralistes, des sp\u00e9cialistes ou des th\u00e9rapeutes disponibles pour tous, et rapidement !","email":"hello@hellocare.com","telephone":"04 85 80 00 23","legalName":"Hellocare SAS","foundingDate":"2016-06-24","vatID":"FR68821232121","taxID":"82123212100045"},{"@type":"Person","@id":"https:\/\/www.hellocare.com\/blog\/#\/schema\/person\/8492c523f1a5dfe64a4cd21d019a9d1b","name":"Hellocare","image":{"@type":"ImageObject","inLanguage":"fr-FR","@id":"https:\/\/www.hellocare.com\/blog\/wp-content\/uploads\/2026\/01\/Logo_hellocare.png","url":"https:\/\/www.hellocare.com\/blog\/wp-content\/uploads\/2026\/01\/Logo_hellocare.png","contentUrl":"https:\/\/www.hellocare.com\/blog\/wp-content\/uploads\/2026\/01\/Logo_hellocare.png","caption":"Hellocare"},"url":"https:\/\/www.hellocare.com\/blog\/author\/hellocare\/"}]}},"_links":{"self":[{"href":"https:\/\/www.hellocare.com\/blog\/wp-json\/wp\/v2\/posts\/20149","targetHints":{"allow":["GET"]}}],"collection":[{"href":"https:\/\/www.hellocare.com\/blog\/wp-json\/wp\/v2\/posts"}],"about":[{"href":"https:\/\/www.hellocare.com\/blog\/wp-json\/wp\/v2\/types\/post"}],"author":[{"embeddable":true,"href":"https:\/\/www.hellocare.com\/blog\/wp-json\/wp\/v2\/users\/28"}],"replies":[{"embeddable":true,"href":"https:\/\/www.hellocare.com\/blog\/wp-json\/wp\/v2\/comments?post=20149"}],"version-history":[{"count":2,"href":"https:\/\/www.hellocare.com\/blog\/wp-json\/wp\/v2\/posts\/20149\/revisions"}],"predecessor-version":[{"id":37023,"href":"https:\/\/www.hellocare.com\/blog\/wp-json\/wp\/v2\/posts\/20149\/revisions\/37023"}],"wp:featuredmedia":[{"embeddable":true,"href":"https:\/\/www.hellocare.com\/blog\/wp-json\/wp\/v2\/media\/24207"}],"wp:attachment":[{"href":"https:\/\/www.hellocare.com\/blog\/wp-json\/wp\/v2\/media?parent=20149"}],"wp:term":[{"taxonomy":"category","embeddable":true,"href":"https:\/\/www.hellocare.com\/blog\/wp-json\/wp\/v2\/categories?post=20149"},{"taxonomy":"post_tag","embeddable":true,"href":"https:\/\/www.hellocare.com\/blog\/wp-json\/wp\/v2\/tags?post=20149"}],"curies":[{"name":"wp","href":"https:\/\/api.w.org\/{rel}","templated":true}]}}