{"id":25844,"date":"2019-11-26T10:51:43","date_gmt":"2019-11-26T09:51:43","guid":{"rendered":"https:\/\/hellocare.com\/?p=25844"},"modified":"2025-12-05T10:13:11","modified_gmt":"2025-12-05T09:13:11","slug":"vivre-avec-et-soigner-vitiligo","status":"publish","type":"post","link":"https:\/\/www.hellocare.com\/blog\/vivre-avec-et-soigner-vitiligo\/","title":{"rendered":"Vivre avec un vitiligo et le soigner"},"content":{"rendered":"<p><div class=\"fusion-fullwidth fullwidth-box fusion-builder-row-1 nonhundred-percent-fullwidth non-hundred-percent-height-scrolling\" style=\"--awb-border-radius-top-left:0px;--awb-border-radius-top-right:0px;--awb-border-radius-bottom-right:0px;--awb-border-radius-bottom-left:0px;--awb-margin-top:0px;--awb-margin-bottom:0px;--awb-flex-wrap:wrap;\" ><div class=\"fusion-builder-row fusion-row\"><div class=\"fusion-layout-column fusion_builder_column fusion-builder-column-0 fusion_builder_column_1_1 1_1 fusion-one-full fusion-column-first fusion-column-last\" style=\"--awb-bg-size:cover;\"><div class=\"fusion-column-wrapper fusion-column-has-shadow fusion-flex-column-wrapper-legacy\"><div class=\"fusion-content-boxes content-boxes columns row fusion-columns-2 fusion-columns-total-2 fusion-content-boxes-1 content-boxes-clean-vertical content-left content-boxes-icon-on-top\" style=\"--awb-backgroundcolor:#f3f6f7;--awb-body-color:#1f1f1f;--awb-title-color:#1f1f1f;--awb-iconcolor:#ffffff;--awb-hover-accent-color:#3bb2b8;--awb-circle-hover-accent-color:#3bb2b8;\" data-animationOffset=\"top-into-view\"><div style=\"--awb-backgroundcolor:#f3f6f7;--awb-iconcolor:#ffffff;border-color:rgba(255,255,255,0);\" class=\"fusion-column content-box-column content-box-column content-box-column-1 col-lg-6 col-md-6 col-sm-6 fusion-content-box-hover content-box-column-first-in-row\"><div class=\"col content-box-wrapper content-wrapper-background link-area-link-icon link-type-button icon-hover-animation-pulsate\" data-animationOffset=\"top-into-view\"><div class=\"heading heading-with-icon icon-left\"><a class=\"heading-link\" href=\"https:\/\/www.hellocare.com\/medecin-generaliste\" target=\"_self\"><div class=\"icon\"><i style=\"border-color:rgba(77,57,233,0);border-width:0px;background-color:#3bb2b8;box-sizing:content-box;height:48px;width:48px;line-height:48px;border-radius:100%;font-size:24px;\" aria-hidden=\"true\" class=\"fontawesome-icon fa-video fas circle-yes\"><\/i><\/div><h2 class=\"content-box-heading fusion-responsive-typography-calculated\" style=\"--h2_typography-font-size:24px;--fontSize:24;line-height:1.25;\">Un m\u00e9decin en t\u00e9l\u00e9consultation 7j\/7<\/h2><\/a><\/div><div class=\"fusion-clearfix\"><\/div><div class=\"content-container\">\n<p>M\u00e9decins disponibles pour des consultations en vid\u00e9o s\u00e9curis\u00e9es.<br \/>\nRemboursable par l\u2019Assurance Maladie.<\/p>\n<\/div><div class=\"fusion-clearfix\"><\/div><a class=\"fusion-read-more-button fusion-content-box-button fusion-button button-default fusion-button-default-size button- button-flat\" href=\"https:\/\/www.hellocare.com\/medecin-generaliste\" target=\"_self\"><span class=\"fusion-button-text\">PRENDRE RDV<\/span><\/a><div class=\"fusion-clearfix\"><\/div><\/div><\/div><div style=\"--awb-backgroundcolor:#f3f6f7;--awb-iconcolor:#ffffff;border-color:rgba(255,255,255,0);\" class=\"fusion-column content-box-column content-box-column content-box-column-2 col-lg-6 col-md-6 col-sm-6 fusion-content-box-hover content-box-column-last content-box-column-last-in-row\"><div class=\"col content-box-wrapper content-wrapper-background link-area-link-icon link-type-button icon-hover-animation-pulsate\" data-animationOffset=\"top-into-view\"><div class=\"heading heading-with-icon icon-left\"><a class=\"heading-link\" href=\"https:\/\/Hellocare.link\/app\" target=\"_self\"><div class=\"icon\"><i style=\"border-color:rgba(77,57,233,0);border-width:0px;background-color:#3bb2b8;box-sizing:content-box;height:48px;width:48px;line-height:48px;border-radius:100%;font-size:24px;\" aria-hidden=\"true\" class=\"fontawesome-icon fa-mobile-alt fas circle-yes\"><\/i><\/div><h2 class=\"content-box-heading fusion-responsive-typography-calculated\" style=\"--h2_typography-font-size:24px;--fontSize:24;line-height:1.25;\">Gardez un m\u00e9decin dans votre poche ou que vous soyez<\/h2><\/a><\/div><div class=\"fusion-clearfix\"><\/div><div class=\"content-container\">\n<p>L\u2019application de t\u00e9l\u00e9consultation Hellocare vous permet de consulter un praticien \u00e0 tout moment et de n\u2019importe o\u00f9 !<\/p>\n<\/div><div class=\"fusion-clearfix\"><\/div><a class=\"fusion-read-more-button fusion-content-box-button fusion-button button-default fusion-button-default-size button- button-flat\" href=\"https:\/\/Hellocare.link\/app\" target=\"_self\"><span class=\"fusion-button-text\">Je t\u00e9l\u00e9charge l'application<\/span><\/a><div class=\"fusion-clearfix\"><\/div><\/div><\/div><div class=\"fusion-clearfix\"><\/div><\/div><div class=\"fusion-clearfix\"><\/div><\/div><\/div><\/div><\/div><div class=\"fusion-fullwidth fullwidth-box fusion-builder-row-2 nonhundred-percent-fullwidth non-hundred-percent-height-scrolling\" style=\"--awb-border-radius-top-left:0px;--awb-border-radius-top-right:0px;--awb-border-radius-bottom-right:0px;--awb-border-radius-bottom-left:0px;--awb-flex-wrap:wrap;\" ><div class=\"fusion-builder-row fusion-row\"><div class=\"fusion-layout-column fusion_builder_column fusion-builder-column-1 fusion_builder_column_1_1 1_1 fusion-one-full fusion-column-first fusion-column-last\" style=\"--awb-bg-size:cover;\"><div class=\"fusion-column-wrapper fusion-column-has-shadow fusion-flex-column-wrapper-legacy\"><div class=\"fusion-text fusion-text-1\" style=\"--awb-content-alignment:justify;\"><p><span style=\"font-size: regular;\"><span style=\"font-size: 18px; line-height: 1.6em; letter-spacing: 0px;\"><span class=\"fusion-dropcap dropcap\">D<\/span><\/span><\/span><span style=\"font-weight: 400;\">u latin \u00ab vitulum \u00bb- taches blanches sur la peau- le vitiligo se manifeste par des plaques de d\u00e9coloration de l\u2019\u00e9piderme o\u00f9 les m\u00e9lanocytes ont disparu. B\u00e9nigne, non douloureuse et non contagieuse, c\u2019est une <\/span><a href=\"https:\/\/www.hellocare.com\/blog\/soulager-le-psoriasis\/\" target=\"_blank\" rel=\"noopener noreferrer\"><span style=\"font-weight: 400;\">maladie de peau<\/span><\/a><span style=\"font-weight: 400;\"> dont la probl\u00e9matique est principalement esth\u00e9tique. Le vitiligo est malheureusement compliqu\u00e9 \u00e0 traiter mais il existe des solutions pour ralentir son d\u00e9veloppement et att\u00e9nuer la g\u00eane. Voici notre petit guide en 5 points.<\/span><\/p>\n<p><span style=\"font-size: regular;\"><span style=\"font-size: 18px; line-height: 1.6em; letter-spacing: 0px;\">\u00a0<\/span><\/span><\/p>\n<p><span style=\"font-size: regular;\"><!--more--><\/span><\/p>\n<\/div><div class=\"fusion-clearfix\"><\/div><\/div><\/div><\/div><\/div><div class=\"fusion-fullwidth fullwidth-box fusion-builder-row-3 nonhundred-percent-fullwidth non-hundred-percent-height-scrolling\" style=\"--awb-border-radius-top-left:0px;--awb-border-radius-top-right:0px;--awb-border-radius-bottom-right:0px;--awb-border-radius-bottom-left:0px;--awb-flex-wrap:wrap;\" ><div class=\"fusion-builder-row fusion-row\"><div class=\"fusion-layout-column fusion_builder_column fusion-builder-column-2 fusion_builder_column_1_1 1_1 fusion-one-full fusion-column-first fusion-column-last\" style=\"--awb-bg-size:cover;\"><div class=\"fusion-column-wrapper fusion-column-has-shadow fusion-flex-column-wrapper-legacy\"><div class=\"fusion-image-element fusion-image-align-center in-legacy-container\" style=\"text-align:center;--awb-max-width:500px;--awb-caption-title-font-family:var(--h2_typography-font-family);--awb-caption-title-font-weight:var(--h2_typography-font-weight);--awb-caption-title-font-style:var(--h2_typography-font-style);--awb-caption-title-size:var(--h2_typography-font-size);--awb-caption-title-transform:var(--h2_typography-text-transform);--awb-caption-title-line-height:var(--h2_typography-line-height);--awb-caption-title-letter-spacing:var(--h2_typography-letter-spacing);\"><div class=\"imageframe-align-center\"><span class=\" fusion-imageframe imageframe-none imageframe-1 hover-type-none\"><img decoding=\"async\" width=\"800\" height=\"500\" alt=\"musicotherapie\" title=\"Vitiligo : causes, sympt\u00f4mes et traitements\" src=\"https:\/\/www.hellocare.com\/blog\/wp-content\/uploads\/2019\/11\/vitiligo-causes-et-traitements.png\" data-orig-src=\"https:\/\/www.hellocare.com\/blog\/wp-content\/uploads\/2019\/11\/vitiligo-causes-et-traitements.png\" class=\"lazyload img-responsive wp-image-31442\" srcset=\"data:image\/svg+xml,%3Csvg%20xmlns%3D%27http%3A%2F%2Fwww.w3.org%2F2000%2Fsvg%27%20width%3D%27800%27%20height%3D%27500%27%20viewBox%3D%270%200%20800%20500%27%3E%3Crect%20width%3D%27800%27%20height%3D%27500%27%20fill-opacity%3D%220%22%2F%3E%3C%2Fsvg%3E\" data-srcset=\"https:\/\/www.hellocare.com\/blog\/wp-content\/uploads\/2019\/11\/vitiligo-causes-et-traitements-200x125.png 200w, https:\/\/www.hellocare.com\/blog\/wp-content\/uploads\/2019\/11\/vitiligo-causes-et-traitements-400x250.png 400w, https:\/\/www.hellocare.com\/blog\/wp-content\/uploads\/2019\/11\/vitiligo-causes-et-traitements-600x375.png 600w, https:\/\/www.hellocare.com\/blog\/wp-content\/uploads\/2019\/11\/vitiligo-causes-et-traitements.png 800w\" data-sizes=\"auto\" data-orig-sizes=\"(max-width: 1000px) 100vw, 800px\" \/><\/span><\/div><\/div><div class=\"fusion-clearfix\"><\/div><\/div><\/div><\/div><\/div><div class=\"fusion-fullwidth fullwidth-box fusion-builder-row-4 nonhundred-percent-fullwidth non-hundred-percent-height-scrolling\" style=\"--awb-border-radius-top-left:0px;--awb-border-radius-top-right:0px;--awb-border-radius-bottom-right:0px;--awb-border-radius-bottom-left:0px;--awb-flex-wrap:wrap;\" ><div class=\"fusion-builder-row fusion-row\"><div class=\"fusion-layout-column fusion_builder_column fusion-builder-column-3 fusion_builder_column_1_1 1_1 fusion-one-full fusion-column-first fusion-column-last\" style=\"--awb-bg-size:cover;\"><div class=\"fusion-column-wrapper fusion-column-has-shadow fusion-flex-column-wrapper-legacy\"><div class=\"fusion-title title fusion-title-1 fusion-sep-none fusion-title-text fusion-title-size-three\"><h3 class=\"fusion-title-heading title-heading-left fusion-responsive-typography-calculated\" style=\"margin:0;--fontSize:40;line-height:1.3;\"><h3>Comment reconna\u00eetre le vitiligo<\/h3><\/h3><\/div><div class=\"fusion-text fusion-text-2\"><p>On reconna\u00eet un vitiligo aux plaques blanches qu\u2019il dessine sur plusieurs parties du corps ou du visage. Ces plaques correspondent \u00e0 des zones o\u00f9 les m\u00e9lanocytes \u2013les cellules produisant la m\u00e9lanine qui pigmente notre \u00e9piderme \u2013 disparaissent. Elles sont plus apparentes visuellement sur les peaux noires ou mates, par effet de contraste.<br \/>\nOn distingue 3 types de vitiligos :<\/p>\n<ul>\n<li>Le vitiligo g\u00e9n\u00e9ralis\u00e9 : la forme la plus fr\u00e9quente. Il se pr\u00e9sente sous forme de nombreuses plaques, quasiment sym\u00e9triques.<\/li>\n<li>Le vitiligo segmentaire : un vitiligo tr\u00e8s localis\u00e9 sur une ou deux parties limit\u00e9es de l\u2019\u00e9piderme. Il a souvent l\u2019allure d\u2019une bande.<\/li>\n<li>Le vitiligo universel : le plus \u00e9tendu, qui peut toucher la presque totalit\u00e9 du corps et des poils.<\/li>\n<\/ul>\n<\/div><div class=\"fusion-clearfix\"><\/div><\/div><\/div><\/div><\/div><div class=\"fusion-fullwidth fullwidth-box fusion-builder-row-5 nonhundred-percent-fullwidth non-hundred-percent-height-scrolling\" style=\"--awb-border-radius-top-left:0px;--awb-border-radius-top-right:0px;--awb-border-radius-bottom-right:0px;--awb-border-radius-bottom-left:0px;--awb-flex-wrap:wrap;\" ><div class=\"fusion-builder-row fusion-row\"><div class=\"fusion-layout-column fusion_builder_column fusion-builder-column-4 fusion_builder_column_1_1 1_1 fusion-one-full fusion-column-first fusion-column-last\" style=\"--awb-bg-size:cover;\"><div class=\"fusion-column-wrapper fusion-column-has-shadow fusion-flex-column-wrapper-legacy\"><div class=\"fusion-text fusion-text-3\"><blockquote>\n<p style=\"text-align: center;\"><strong><span style=\"font-size: large;\"><a href=\"https:\/\/www.hellocare.com\/\" target=\"_blank\" rel=\"noopener noreferrer\">Besoin d&rsquo;en parler ?<\/a><a href=\"https:\/\/www.hellocare.com\/\" target=\"_blank\" rel=\"noopener noreferrer\"><br \/>Nos m\u00e9decins sont disponibles, prenez RDV en ligne <i class=\"fas fa-video\"><\/i> <\/a>\u00a0<\/span><\/strong><\/p>\n<\/blockquote>\n<\/div><div class=\"fusion-clearfix\"><\/div><\/div><\/div><\/div><\/div><div class=\"fusion-fullwidth fullwidth-box fusion-builder-row-6 nonhundred-percent-fullwidth non-hundred-percent-height-scrolling\" style=\"--awb-border-radius-top-left:0px;--awb-border-radius-top-right:0px;--awb-border-radius-bottom-right:0px;--awb-border-radius-bottom-left:0px;--awb-flex-wrap:wrap;\" ><div class=\"fusion-builder-row fusion-row\"><div class=\"fusion-layout-column fusion_builder_column fusion-builder-column-5 fusion_builder_column_1_1 1_1 fusion-one-full fusion-column-first fusion-column-last\" style=\"--awb-bg-size:cover;\"><div class=\"fusion-column-wrapper fusion-column-has-shadow fusion-flex-column-wrapper-legacy\"><div class=\"fusion-title title fusion-title-2 fusion-sep-none fusion-title-text fusion-title-size-three\"><h3 class=\"fusion-title-heading title-heading-left fusion-responsive-typography-calculated\" style=\"margin:0;--fontSize:40;line-height:1.3;\"><h3>Quelles sont les causes du vitiligo<\/h3><\/h3><\/div><div class=\"fusion-text fusion-text-4\"><p><span style=\"font-weight: 400;\">Les causes du vitiligo sont encore floues \u00e0 l\u2019heure actuelle. Toutefois les chercheurs ont pu mettre au jour deux facteurs potentiels. D\u2019abord une pr\u00e9disposition g\u00e9n\u00e9tique ou auto-immune impliquant le syst\u00e8me immunitaire. Celle-ci provoquerait des anomalies sur les mol\u00e9cules qui permettent aux monocytes d\u2019avoir de l\u2019adh\u00e9rence. Deuxi\u00e8mement, des facteurs r\u00e9v\u00e9lateurs de la maladie. Par exemple des frictions m\u00e9caniques r\u00e9p\u00e9t\u00e9es \u00e0 un m\u00eame endroit de la peau (d\u00e9maquillage virulent, port de sous-v\u00eatements trop serr\u00e9s entra\u00eenant une friction continue, rasage agressif\u2026). Mais encore des blessures, un coup de soleil fragilisant la peau, ou, peut-\u00eatre un stress intense.<\/span><\/p>\n<\/div><div class=\"fusion-clearfix\"><\/div><\/div><\/div><\/div><\/div><div class=\"fusion-fullwidth fullwidth-box fusion-builder-row-7 nonhundred-percent-fullwidth non-hundred-percent-height-scrolling\" style=\"--awb-border-radius-top-left:0px;--awb-border-radius-top-right:0px;--awb-border-radius-bottom-right:0px;--awb-border-radius-bottom-left:0px;--awb-flex-wrap:wrap;\" ><div class=\"fusion-builder-row fusion-row\"><div class=\"fusion-layout-column fusion_builder_column fusion-builder-column-6 fusion_builder_column_1_1 1_1 fusion-one-full fusion-column-first fusion-column-last\" style=\"--awb-bg-size:cover;\"><div class=\"fusion-column-wrapper fusion-column-has-shadow fusion-flex-column-wrapper-legacy\"><div class=\"fusion-title title fusion-title-3 fusion-sep-none fusion-title-text fusion-title-size-three\"><h3 class=\"fusion-title-heading title-heading-left fusion-responsive-typography-calculated\" style=\"margin:0;--fontSize:40;line-height:1.3;\"><h3>Les diff\u00e9rents traitements contre le vitiligo<\/h3><\/h3><\/div><div class=\"fusion-text fusion-text-5\"><p><span style=\"font-weight: 400;\">Pour traiter le vitiligo, le parcours peut s\u2019av\u00e9rer long et d\u00e9courageant. Mais il permettra tout de m\u00eame de ralentir les effets de la maladie et de repigmenter certaines zones. Dans ce but, un examen dermatologique attentif sera n\u00e9cessaire pour d\u00e9terminer le traitement adapt\u00e9. Il sera propos\u00e9 des corticost\u00e9ro\u00efdes locaux, des inhibiteurs de la calcineurine\u00a0 ou une phototh\u00e9rapie. Parfois de la vitamine D ou des antioxydants\u2026 dont l\u2019efficacit\u00e9 mais n\u2019aurait pas encore \u00e9t\u00e9 prouv\u00e9e. On trouve plus de d\u00e9tails sur le site de <\/span><a href=\"https:\/\/www.afvitiligo.com\/comprendre-le-vitiligo\/les-traitements-du-vitiligo\/\" target=\"_blank\" rel=\"noopener noreferrer\"><span style=\"font-weight: 400;\">l\u2019association fran\u00e7aise du vitiligo<\/span><\/a><span style=\"font-weight: 400;\">. Dans le cas o\u00f9 le traitement unique ne donnerait pas de r\u00e9sultats, des traitements combin\u00e9s ou encore une intervention chirurgicale pourront \u00eatre consid\u00e9r\u00e9s.\u00a0<\/span><\/p>\n<\/div><div class=\"fusion-clearfix\"><\/div><\/div><\/div><\/div><\/div><div class=\"fusion-fullwidth fullwidth-box fusion-builder-row-8 nonhundred-percent-fullwidth non-hundred-percent-height-scrolling\" style=\"--awb-border-radius-top-left:0px;--awb-border-radius-top-right:0px;--awb-border-radius-bottom-right:0px;--awb-border-radius-bottom-left:0px;--awb-flex-wrap:wrap;\" ><div class=\"fusion-builder-row fusion-row\"><div class=\"fusion-layout-column fusion_builder_column fusion-builder-column-7 fusion_builder_column_1_1 1_1 fusion-one-full fusion-column-first fusion-column-last\" style=\"--awb-bg-size:cover;\"><div class=\"fusion-column-wrapper fusion-column-has-shadow fusion-flex-column-wrapper-legacy\"><div class=\"fusion-title title fusion-title-4 fusion-sep-none fusion-title-text fusion-title-size-three\"><h3 class=\"fusion-title-heading title-heading-left fusion-responsive-typography-calculated\" style=\"margin:0;--fontSize:40;line-height:1.3;\"><h3>Prot\u00e9ger sa peau<\/h3><\/h3><\/div><div class=\"fusion-text fusion-text-6\"><p><span style=\"font-weight: 400;\">Il est tr\u00e8s important lorsqu\u2019on met en place un traitement contre le vitiligo de r\u00e9duire les frictions m\u00e9caniques fragilisant la peau. C&rsquo;est-\u00e0-dire changer sa fa\u00e7on de se d\u00e9maquiller, de se raser, \u00e9viter les gants de crins ou les sous-v\u00eatements \u00e0 \u00e9lastiques\u2026 Il faut \u00eatre doux avec sa peau\u00a0! De m\u00eame, une bonne protection solaire est tr\u00e8s importante en \u00e9t\u00e9 car les zones claires sont plus sensibles (ce m\u00eame si l\u2019exposition pourra \u00eatre conseill\u00e9e \u00e0 certains moments du traitement). Enfin, le stress ou <\/span><a href=\"https:\/\/www.hellocare.com\/blog\/depression-saisonniere-comment-faire\/\" target=\"_blank\" rel=\"noopener noreferrer\"><span style=\"font-weight: 400;\">la d\u00e9pression<\/span><\/a><span style=\"font-weight: 400;\"> peuvent diminuer l\u2019efficacit\u00e9 du traitement, ce qui est une donn\u00e9e \u00e0 prendre en compte et surement \u00e0 traiter en priorit\u00e9.<\/span><\/p>\n<\/div><div class=\"fusion-clearfix\"><\/div><\/div><\/div><\/div><\/div><div class=\"fusion-fullwidth fullwidth-box fusion-builder-row-9 nonhundred-percent-fullwidth non-hundred-percent-height-scrolling\" style=\"--awb-border-radius-top-left:0px;--awb-border-radius-top-right:0px;--awb-border-radius-bottom-right:0px;--awb-border-radius-bottom-left:0px;--awb-flex-wrap:wrap;\" ><div class=\"fusion-builder-row fusion-row\"><div class=\"fusion-layout-column fusion_builder_column fusion-builder-column-8 fusion_builder_column_1_1 1_1 fusion-one-full fusion-column-first fusion-column-last\" style=\"--awb-bg-size:cover;\"><div class=\"fusion-column-wrapper fusion-column-has-shadow fusion-flex-column-wrapper-legacy\"><div class=\"fusion-title title fusion-title-5 fusion-sep-none fusion-title-text fusion-title-size-three\"><h3 class=\"fusion-title-heading title-heading-left fusion-responsive-typography-calculated\" style=\"margin:0;--fontSize:40;line-height:1.3;\"><h3>Comment se sentir bien dans sa peau avec un vitiligo<\/h3><\/h3><\/div><div class=\"fusion-text fusion-text-7\"><p><span style=\"font-weight: 400;\">Si aucun traitement ne fonctionne sur les zones r\u00e9sistantes et que l\u2019on ne s\u2019accepte pas physiquement avec un vitiligo,\u00a0 il ne faut pas rejeter la possibilit\u00e9 de l\u2019att\u00e9nuer avec des cosm\u00e9tiques. Une cr\u00e8me couvrante ou un lait autobronzant sont de bonnes options pour se sentir mieux. On peut aussi tester la dermopigmentation (utilis\u00e9e aussi pour les tatouages permanents des sourcils). L\u2019\u00e9t\u00e9, emp\u00eacher les parties non atteintes par le vitiligo de bronzer peut aussi \u00eatre une astuce (en prot\u00e9geant les zones blanchies avec une cr\u00e8me). Autre option mais radicale, une d\u00e9pigmentation par laser des zones qui produisent encore de la m\u00e9lanine. Il faut souligner que cette d\u00e9cision ne se prend pas \u00e0 la l\u00e9g\u00e8re.\u00a0<\/span><\/p>\n<\/div><div class=\"fusion-clearfix\"><\/div><\/div><\/div><\/div><\/div><div class=\"fusion-fullwidth fullwidth-box fusion-builder-row-10 nonhundred-percent-fullwidth non-hundred-percent-height-scrolling\" style=\"--awb-border-radius-top-left:0px;--awb-border-radius-top-right:0px;--awb-border-radius-bottom-right:0px;--awb-border-radius-bottom-left:0px;--awb-flex-wrap:wrap;\" ><div class=\"fusion-builder-row fusion-row\"><div class=\"fusion-layout-column fusion_builder_column fusion-builder-column-9 fusion_builder_column_1_1 1_1 fusion-one-full fusion-column-first fusion-column-last fusion-column-inner-bg-wrapper\" style=\"--awb-inner-bg-size:cover;\"><span class=\"fusion-column-inner-bg hover-type-none\"><a class=\"fusion-column-anchor\" href=\"https:\/\/www.hellocare.com\/jesuispatient\/\"><span class=\"fusion-column-inner-bg-image\"><\/span><\/a><\/span><div class=\"fusion-column-wrapper fusion-column-has-shadow fusion-flex-column-wrapper-legacy\"><div class=\"fusion-image-element fusion-image-align-center in-legacy-container\" style=\"text-align:center;--awb-max-width:500px;--awb-caption-title-font-family:var(--h2_typography-font-family);--awb-caption-title-font-weight:var(--h2_typography-font-weight);--awb-caption-title-font-style:var(--h2_typography-font-style);--awb-caption-title-size:var(--h2_typography-font-size);--awb-caption-title-transform:var(--h2_typography-text-transform);--awb-caption-title-line-height:var(--h2_typography-line-height);--awb-caption-title-letter-spacing:var(--h2_typography-letter-spacing);\"><div class=\"imageframe-align-center\"><span class=\" fusion-imageframe imageframe-none imageframe-2 hover-type-none\"><a class=\"fusion-no-lightbox\" href=\"https:\/\/www.hellocare.com\/\" target=\"_blank\" aria-label=\"T\u00e9l\u00e9consultation m\u00e9decin en urgence\" rel=\"noopener noreferrer\"><img decoding=\"async\" width=\"1200\" height=\"627\" alt=\"image pr\u00e9sentant les services du site hellocare.com\" src=\"https:\/\/www.hellocare.com\/blog\/wp-content\/uploads\/2022\/08\/PUB-GENERIQUES-FB-2022-1200-\u00d7-627-px-3.png\" data-orig-src=\"https:\/\/www.hellocare.com\/blog\/wp-content\/uploads\/2022\/08\/PUB-GENERIQUES-FB-2022-1200-\u00d7-627-px-3.png\" class=\"lazyload img-responsive wp-image-31096\" srcset=\"data:image\/svg+xml,%3Csvg%20xmlns%3D%27http%3A%2F%2Fwww.w3.org%2F2000%2Fsvg%27%20width%3D%271200%27%20height%3D%27627%27%20viewBox%3D%270%200%201200%20627%27%3E%3Crect%20width%3D%271200%27%20height%3D%27627%27%20fill-opacity%3D%220%22%2F%3E%3C%2Fsvg%3E\" data-srcset=\"https:\/\/www.hellocare.com\/blog\/wp-content\/uploads\/2022\/08\/PUB-GENERIQUES-FB-2022-1200-\u00d7-627-px-3-200x105.png 200w, https:\/\/www.hellocare.com\/blog\/wp-content\/uploads\/2022\/08\/PUB-GENERIQUES-FB-2022-1200-\u00d7-627-px-3-400x209.png 400w, https:\/\/www.hellocare.com\/blog\/wp-content\/uploads\/2022\/08\/PUB-GENERIQUES-FB-2022-1200-\u00d7-627-px-3-600x314.png 600w, https:\/\/www.hellocare.com\/blog\/wp-content\/uploads\/2022\/08\/PUB-GENERIQUES-FB-2022-1200-\u00d7-627-px-3-800x418.png 800w, https:\/\/www.hellocare.com\/blog\/wp-content\/uploads\/2022\/08\/PUB-GENERIQUES-FB-2022-1200-\u00d7-627-px-3.png 1200w\" data-sizes=\"auto\" data-orig-sizes=\"(max-width: 1000px) 100vw, 1200px\" \/><\/a><\/span><\/div><\/div><div class=\"fusion-clearfix\"><\/div><\/div><\/div><\/div><\/div><\/p>\n","protected":false},"excerpt":{"rendered":"<p>u latin \u00ab vitulum \u00bb- taches blanches sur la peau- le vitiligo se manifeste par des plaques de<\/p>\n","protected":false},"author":32,"featured_media":31442,"comment_status":"closed","ping_status":"closed","sticky":false,"template":"","format":"standard","meta":{"_acf_changed":false,"inline_featured_image":false,"footnotes":""},"categories":[544],"tags":[],"class_list":["post-25844","post","type-post","status-publish","format-standard","has-post-thumbnail","hentry","category-conseils-dermatologie"],"acf":[],"yoast_head":"<!-- This site is optimized with the Yoast SEO Premium plugin v26.5 (Yoast SEO v27.5) - https:\/\/yoast.com\/product\/yoast-seo-premium-wordpress\/ -->\n<title>Vivre avec un vitiligo et le soigner<\/title>\n<meta name=\"description\" content=\"Le vitiligo est une maladie de peau compliqu\u00e9e \u00e0 traiter. Voici des solutions pour ralentir son d\u00e9veloppement et att\u00e9nuer la g\u00eane\" \/>\n<meta name=\"robots\" content=\"index, follow, max-snippet:-1, max-image-preview:large, max-video-preview:-1\" \/>\n<link rel=\"canonical\" href=\"https:\/\/www.hellocare.com\/blog\/vivre-avec-et-soigner-vitiligo\/\" \/>\n<meta property=\"og:locale\" content=\"fr_FR\" \/>\n<meta property=\"og:type\" content=\"article\" \/>\n<meta property=\"og:title\" content=\"Vivre avec un vitiligo et le soigner\" \/>\n<meta property=\"og:url\" content=\"https:\/\/www.hellocare.com\/blog\/vivre-avec-et-soigner-vitiligo\/\" \/>\n<meta property=\"og:site_name\" content=\"Hellocare\" \/>\n<meta property=\"article:publisher\" content=\"https:\/\/www.facebook.com\/hellocareapp\/\" \/>\n<meta property=\"article:published_time\" content=\"2019-11-26T09:51:43+00:00\" \/>\n<meta property=\"article:modified_time\" content=\"2025-12-05T09:13:11+00:00\" \/>\n<meta property=\"og:image\" content=\"https:\/\/www.hellocare.com\/blog\/wp-content\/uploads\/2019\/11\/vitiligo-causes-et-traitements.png\" \/>\n\t<meta property=\"og:image:width\" content=\"800\" \/>\n\t<meta property=\"og:image:height\" content=\"500\" \/>\n\t<meta property=\"og:image:type\" content=\"image\/png\" \/>\n<meta name=\"author\" content=\"Nathalie\" \/>\n<meta name=\"twitter:card\" content=\"summary_large_image\" \/>\n<meta name=\"twitter:creator\" content=\"@hellocareapp\" \/>\n<meta name=\"twitter:site\" content=\"@hellocareapp\" \/>\n<meta name=\"twitter:label1\" content=\"\u00c9crit par\" \/>\n\t<meta name=\"twitter:data1\" content=\"Nathalie\" \/>\n\t<meta name=\"twitter:label2\" content=\"Dur\u00e9e de lecture estim\u00e9e\" \/>\n\t<meta name=\"twitter:data2\" content=\"9 minutes\" \/>\n<script type=\"application\/ld+json\" class=\"yoast-schema-graph\">{\"@context\":\"https:\\\/\\\/schema.org\",\"@graph\":[{\"@type\":\"Article\",\"@id\":\"https:\\\/\\\/www.hellocare.com\\\/blog\\\/vivre-avec-et-soigner-vitiligo\\\/#article\",\"isPartOf\":{\"@id\":\"https:\\\/\\\/www.hellocare.com\\\/blog\\\/vivre-avec-et-soigner-vitiligo\\\/\"},\"author\":{\"name\":\"Nathalie\",\"@id\":\"https:\\\/\\\/www.hellocare.com\\\/blog\\\/#\\\/schema\\\/person\\\/14c899417add0c4a1fe52a5019cf60dc\"},\"headline\":\"Vivre avec un vitiligo et le soigner\",\"datePublished\":\"2019-11-26T09:51:43+00:00\",\"dateModified\":\"2025-12-05T09:13:11+00:00\",\"mainEntityOfPage\":{\"@id\":\"https:\\\/\\\/www.hellocare.com\\\/blog\\\/vivre-avec-et-soigner-vitiligo\\\/\"},\"wordCount\":3917,\"publisher\":{\"@id\":\"https:\\\/\\\/www.hellocare.com\\\/blog\\\/#organization\"},\"image\":{\"@id\":\"https:\\\/\\\/www.hellocare.com\\\/blog\\\/vivre-avec-et-soigner-vitiligo\\\/#primaryimage\"},\"thumbnailUrl\":\"https:\\\/\\\/www.hellocare.com\\\/blog\\\/wp-content\\\/uploads\\\/2019\\\/11\\\/vitiligo-causes-et-traitements.png\",\"articleSection\":[\"Dermatologie\"],\"inLanguage\":\"fr-FR\"},{\"@type\":\"WebPage\",\"@id\":\"https:\\\/\\\/www.hellocare.com\\\/blog\\\/vivre-avec-et-soigner-vitiligo\\\/\",\"url\":\"https:\\\/\\\/www.hellocare.com\\\/blog\\\/vivre-avec-et-soigner-vitiligo\\\/\",\"name\":\"Vivre avec un vitiligo et le soigner\",\"isPartOf\":{\"@id\":\"https:\\\/\\\/www.hellocare.com\\\/blog\\\/#website\"},\"primaryImageOfPage\":{\"@id\":\"https:\\\/\\\/www.hellocare.com\\\/blog\\\/vivre-avec-et-soigner-vitiligo\\\/#primaryimage\"},\"image\":{\"@id\":\"https:\\\/\\\/www.hellocare.com\\\/blog\\\/vivre-avec-et-soigner-vitiligo\\\/#primaryimage\"},\"thumbnailUrl\":\"https:\\\/\\\/www.hellocare.com\\\/blog\\\/wp-content\\\/uploads\\\/2019\\\/11\\\/vitiligo-causes-et-traitements.png\",\"datePublished\":\"2019-11-26T09:51:43+00:00\",\"dateModified\":\"2025-12-05T09:13:11+00:00\",\"description\":\"Le vitiligo est une maladie de peau compliqu\u00e9e \u00e0 traiter. Voici des solutions pour ralentir son d\u00e9veloppement et att\u00e9nuer la g\u00eane\",\"breadcrumb\":{\"@id\":\"https:\\\/\\\/www.hellocare.com\\\/blog\\\/vivre-avec-et-soigner-vitiligo\\\/#breadcrumb\"},\"inLanguage\":\"fr-FR\",\"potentialAction\":[{\"@type\":\"ReadAction\",\"target\":[\"https:\\\/\\\/www.hellocare.com\\\/blog\\\/vivre-avec-et-soigner-vitiligo\\\/\"]}]},{\"@type\":\"ImageObject\",\"inLanguage\":\"fr-FR\",\"@id\":\"https:\\\/\\\/www.hellocare.com\\\/blog\\\/vivre-avec-et-soigner-vitiligo\\\/#primaryimage\",\"url\":\"https:\\\/\\\/www.hellocare.com\\\/blog\\\/wp-content\\\/uploads\\\/2019\\\/11\\\/vitiligo-causes-et-traitements.png\",\"contentUrl\":\"https:\\\/\\\/www.hellocare.com\\\/blog\\\/wp-content\\\/uploads\\\/2019\\\/11\\\/vitiligo-causes-et-traitements.png\",\"width\":800,\"height\":500,\"caption\":\"Comment mieux vivre avec un vitiligo\"},{\"@type\":\"BreadcrumbList\",\"@id\":\"https:\\\/\\\/www.hellocare.com\\\/blog\\\/vivre-avec-et-soigner-vitiligo\\\/#breadcrumb\",\"itemListElement\":[{\"@type\":\"ListItem\",\"position\":1,\"name\":\"Accueil\",\"item\":\"https:\\\/\\\/www.hellocare.com\\\/blog\\\/\"},{\"@type\":\"ListItem\",\"position\":2,\"name\":\"Vivre avec un vitiligo et le soigner\"}]},{\"@type\":\"WebSite\",\"@id\":\"https:\\\/\\\/www.hellocare.com\\\/blog\\\/#website\",\"url\":\"https:\\\/\\\/www.hellocare.com\\\/blog\\\/\",\"name\":\"Hellocare\",\"description\":\"T\u00e9l\u00e9consultation et M\u00e9decin en ligne\",\"publisher\":{\"@id\":\"https:\\\/\\\/www.hellocare.com\\\/blog\\\/#organization\"},\"potentialAction\":[{\"@type\":\"SearchAction\",\"target\":{\"@type\":\"EntryPoint\",\"urlTemplate\":\"https:\\\/\\\/www.hellocare.com\\\/blog\\\/?s={search_term_string}\"},\"query-input\":{\"@type\":\"PropertyValueSpecification\",\"valueRequired\":true,\"valueName\":\"search_term_string\"}}],\"inLanguage\":\"fr-FR\"},{\"@type\":\"Organization\",\"@id\":\"https:\\\/\\\/www.hellocare.com\\\/blog\\\/#organization\",\"name\":\"Hellocare\",\"url\":\"https:\\\/\\\/www.hellocare.com\\\/blog\\\/\",\"logo\":{\"@type\":\"ImageObject\",\"inLanguage\":\"fr-FR\",\"@id\":\"https:\\\/\\\/www.hellocare.com\\\/blog\\\/#\\\/schema\\\/logo\\\/image\\\/\",\"url\":\"https:\\\/\\\/www.hellocare.com\\\/blog\\\/wp-content\\\/uploads\\\/2020\\\/04\\\/Logo_hellocare.png\",\"contentUrl\":\"https:\\\/\\\/www.hellocare.com\\\/blog\\\/wp-content\\\/uploads\\\/2020\\\/04\\\/Logo_hellocare.png\",\"width\":537,\"height\":431,\"caption\":\"Hellocare\"},\"image\":{\"@id\":\"https:\\\/\\\/www.hellocare.com\\\/blog\\\/#\\\/schema\\\/logo\\\/image\\\/\"},\"sameAs\":[\"https:\\\/\\\/www.facebook.com\\\/hellocareapp\\\/\",\"https:\\\/\\\/x.com\\\/hellocareapp\",\"https:\\\/\\\/www.instagram.com\\\/hellocareapp\",\"https:\\\/\\\/www.linkedin.com\\\/company\\\/hellocare---health-care-everywhere\"],\"description\":\"Sur Hellocare vous pouvez consulter des m\u00e9decins g\u00e9n\u00e9ralistes, des sp\u00e9cialistes ou des th\u00e9rapeutes disponibles pour tous, et rapidement !\",\"email\":\"hello@hellocare.com\",\"telephone\":\"04 85 80 00 23\",\"legalName\":\"Hellocare SAS\",\"foundingDate\":\"2016-06-24\",\"vatID\":\"FR68821232121\",\"taxID\":\"82123212100045\"},{\"@type\":\"Person\",\"@id\":\"https:\\\/\\\/www.hellocare.com\\\/blog\\\/#\\\/schema\\\/person\\\/14c899417add0c4a1fe52a5019cf60dc\",\"name\":\"Nathalie\",\"image\":{\"@type\":\"ImageObject\",\"inLanguage\":\"fr-FR\",\"@id\":\"https:\\\/\\\/www.hellocare.com\\\/blog\\\/wp-content\\\/litespeed\\\/avatar\\\/38250a9df980ae7bc8866c3f76205033.jpg?ver=1776875072\",\"url\":\"https:\\\/\\\/www.hellocare.com\\\/blog\\\/wp-content\\\/litespeed\\\/avatar\\\/38250a9df980ae7bc8866c3f76205033.jpg?ver=1776875072\",\"contentUrl\":\"https:\\\/\\\/www.hellocare.com\\\/blog\\\/wp-content\\\/litespeed\\\/avatar\\\/38250a9df980ae7bc8866c3f76205033.jpg?ver=1776875072\",\"caption\":\"Nathalie\"},\"url\":\"https:\\\/\\\/www.hellocare.com\\\/blog\\\/author\\\/admin\\\/\"}]}<\/script>\n<!-- \/ Yoast SEO Premium plugin. -->","yoast_head_json":{"title":"Vivre avec un vitiligo et le soigner","description":"Le vitiligo est une maladie de peau compliqu\u00e9e \u00e0 traiter. Voici des solutions pour ralentir son d\u00e9veloppement et att\u00e9nuer la g\u00eane","robots":{"index":"index","follow":"follow","max-snippet":"max-snippet:-1","max-image-preview":"max-image-preview:large","max-video-preview":"max-video-preview:-1"},"canonical":"https:\/\/www.hellocare.com\/blog\/vivre-avec-et-soigner-vitiligo\/","og_locale":"fr_FR","og_type":"article","og_title":"Vivre avec un vitiligo et le soigner","og_url":"https:\/\/www.hellocare.com\/blog\/vivre-avec-et-soigner-vitiligo\/","og_site_name":"Hellocare","article_publisher":"https:\/\/www.facebook.com\/hellocareapp\/","article_published_time":"2019-11-26T09:51:43+00:00","article_modified_time":"2025-12-05T09:13:11+00:00","og_image":[{"width":800,"height":500,"url":"https:\/\/www.hellocare.com\/blog\/wp-content\/uploads\/2019\/11\/vitiligo-causes-et-traitements.png","type":"image\/png"}],"author":"Nathalie","twitter_card":"summary_large_image","twitter_creator":"@hellocareapp","twitter_site":"@hellocareapp","twitter_misc":{"\u00c9crit par":"Nathalie","Dur\u00e9e de lecture estim\u00e9e":"9 minutes"},"schema":{"@context":"https:\/\/schema.org","@graph":[{"@type":"Article","@id":"https:\/\/www.hellocare.com\/blog\/vivre-avec-et-soigner-vitiligo\/#article","isPartOf":{"@id":"https:\/\/www.hellocare.com\/blog\/vivre-avec-et-soigner-vitiligo\/"},"author":{"name":"Nathalie","@id":"https:\/\/www.hellocare.com\/blog\/#\/schema\/person\/14c899417add0c4a1fe52a5019cf60dc"},"headline":"Vivre avec un vitiligo et le soigner","datePublished":"2019-11-26T09:51:43+00:00","dateModified":"2025-12-05T09:13:11+00:00","mainEntityOfPage":{"@id":"https:\/\/www.hellocare.com\/blog\/vivre-avec-et-soigner-vitiligo\/"},"wordCount":3917,"publisher":{"@id":"https:\/\/www.hellocare.com\/blog\/#organization"},"image":{"@id":"https:\/\/www.hellocare.com\/blog\/vivre-avec-et-soigner-vitiligo\/#primaryimage"},"thumbnailUrl":"https:\/\/www.hellocare.com\/blog\/wp-content\/uploads\/2019\/11\/vitiligo-causes-et-traitements.png","articleSection":["Dermatologie"],"inLanguage":"fr-FR"},{"@type":"WebPage","@id":"https:\/\/www.hellocare.com\/blog\/vivre-avec-et-soigner-vitiligo\/","url":"https:\/\/www.hellocare.com\/blog\/vivre-avec-et-soigner-vitiligo\/","name":"Vivre avec un vitiligo et le soigner","isPartOf":{"@id":"https:\/\/www.hellocare.com\/blog\/#website"},"primaryImageOfPage":{"@id":"https:\/\/www.hellocare.com\/blog\/vivre-avec-et-soigner-vitiligo\/#primaryimage"},"image":{"@id":"https:\/\/www.hellocare.com\/blog\/vivre-avec-et-soigner-vitiligo\/#primaryimage"},"thumbnailUrl":"https:\/\/www.hellocare.com\/blog\/wp-content\/uploads\/2019\/11\/vitiligo-causes-et-traitements.png","datePublished":"2019-11-26T09:51:43+00:00","dateModified":"2025-12-05T09:13:11+00:00","description":"Le vitiligo est une maladie de peau compliqu\u00e9e \u00e0 traiter. Voici des solutions pour ralentir son d\u00e9veloppement et att\u00e9nuer la g\u00eane","breadcrumb":{"@id":"https:\/\/www.hellocare.com\/blog\/vivre-avec-et-soigner-vitiligo\/#breadcrumb"},"inLanguage":"fr-FR","potentialAction":[{"@type":"ReadAction","target":["https:\/\/www.hellocare.com\/blog\/vivre-avec-et-soigner-vitiligo\/"]}]},{"@type":"ImageObject","inLanguage":"fr-FR","@id":"https:\/\/www.hellocare.com\/blog\/vivre-avec-et-soigner-vitiligo\/#primaryimage","url":"https:\/\/www.hellocare.com\/blog\/wp-content\/uploads\/2019\/11\/vitiligo-causes-et-traitements.png","contentUrl":"https:\/\/www.hellocare.com\/blog\/wp-content\/uploads\/2019\/11\/vitiligo-causes-et-traitements.png","width":800,"height":500,"caption":"Comment mieux vivre avec un vitiligo"},{"@type":"BreadcrumbList","@id":"https:\/\/www.hellocare.com\/blog\/vivre-avec-et-soigner-vitiligo\/#breadcrumb","itemListElement":[{"@type":"ListItem","position":1,"name":"Accueil","item":"https:\/\/www.hellocare.com\/blog\/"},{"@type":"ListItem","position":2,"name":"Vivre avec un vitiligo et le soigner"}]},{"@type":"WebSite","@id":"https:\/\/www.hellocare.com\/blog\/#website","url":"https:\/\/www.hellocare.com\/blog\/","name":"Hellocare","description":"T\u00e9l\u00e9consultation et M\u00e9decin en ligne","publisher":{"@id":"https:\/\/www.hellocare.com\/blog\/#organization"},"potentialAction":[{"@type":"SearchAction","target":{"@type":"EntryPoint","urlTemplate":"https:\/\/www.hellocare.com\/blog\/?s={search_term_string}"},"query-input":{"@type":"PropertyValueSpecification","valueRequired":true,"valueName":"search_term_string"}}],"inLanguage":"fr-FR"},{"@type":"Organization","@id":"https:\/\/www.hellocare.com\/blog\/#organization","name":"Hellocare","url":"https:\/\/www.hellocare.com\/blog\/","logo":{"@type":"ImageObject","inLanguage":"fr-FR","@id":"https:\/\/www.hellocare.com\/blog\/#\/schema\/logo\/image\/","url":"https:\/\/www.hellocare.com\/blog\/wp-content\/uploads\/2020\/04\/Logo_hellocare.png","contentUrl":"https:\/\/www.hellocare.com\/blog\/wp-content\/uploads\/2020\/04\/Logo_hellocare.png","width":537,"height":431,"caption":"Hellocare"},"image":{"@id":"https:\/\/www.hellocare.com\/blog\/#\/schema\/logo\/image\/"},"sameAs":["https:\/\/www.facebook.com\/hellocareapp\/","https:\/\/x.com\/hellocareapp","https:\/\/www.instagram.com\/hellocareapp","https:\/\/www.linkedin.com\/company\/hellocare---health-care-everywhere"],"description":"Sur Hellocare vous pouvez consulter des m\u00e9decins g\u00e9n\u00e9ralistes, des sp\u00e9cialistes ou des th\u00e9rapeutes disponibles pour tous, et rapidement !","email":"hello@hellocare.com","telephone":"04 85 80 00 23","legalName":"Hellocare SAS","foundingDate":"2016-06-24","vatID":"FR68821232121","taxID":"82123212100045"},{"@type":"Person","@id":"https:\/\/www.hellocare.com\/blog\/#\/schema\/person\/14c899417add0c4a1fe52a5019cf60dc","name":"Nathalie","image":{"@type":"ImageObject","inLanguage":"fr-FR","@id":"https:\/\/www.hellocare.com\/blog\/wp-content\/litespeed\/avatar\/38250a9df980ae7bc8866c3f76205033.jpg?ver=1776875072","url":"https:\/\/www.hellocare.com\/blog\/wp-content\/litespeed\/avatar\/38250a9df980ae7bc8866c3f76205033.jpg?ver=1776875072","contentUrl":"https:\/\/www.hellocare.com\/blog\/wp-content\/litespeed\/avatar\/38250a9df980ae7bc8866c3f76205033.jpg?ver=1776875072","caption":"Nathalie"},"url":"https:\/\/www.hellocare.com\/blog\/author\/admin\/"}]}},"_links":{"self":[{"href":"https:\/\/www.hellocare.com\/blog\/wp-json\/wp\/v2\/posts\/25844","targetHints":{"allow":["GET"]}}],"collection":[{"href":"https:\/\/www.hellocare.com\/blog\/wp-json\/wp\/v2\/posts"}],"about":[{"href":"https:\/\/www.hellocare.com\/blog\/wp-json\/wp\/v2\/types\/post"}],"author":[{"embeddable":true,"href":"https:\/\/www.hellocare.com\/blog\/wp-json\/wp\/v2\/users\/32"}],"replies":[{"embeddable":true,"href":"https:\/\/www.hellocare.com\/blog\/wp-json\/wp\/v2\/comments?post=25844"}],"version-history":[{"count":2,"href":"https:\/\/www.hellocare.com\/blog\/wp-json\/wp\/v2\/posts\/25844\/revisions"}],"predecessor-version":[{"id":37222,"href":"https:\/\/www.hellocare.com\/blog\/wp-json\/wp\/v2\/posts\/25844\/revisions\/37222"}],"wp:featuredmedia":[{"embeddable":true,"href":"https:\/\/www.hellocare.com\/blog\/wp-json\/wp\/v2\/media\/31442"}],"wp:attachment":[{"href":"https:\/\/www.hellocare.com\/blog\/wp-json\/wp\/v2\/media?parent=25844"}],"wp:term":[{"taxonomy":"category","embeddable":true,"href":"https:\/\/www.hellocare.com\/blog\/wp-json\/wp\/v2\/categories?post=25844"},{"taxonomy":"post_tag","embeddable":true,"href":"https:\/\/www.hellocare.com\/blog\/wp-json\/wp\/v2\/tags?post=25844"}],"curies":[{"name":"wp","href":"https:\/\/api.w.org\/{rel}","templated":true}]}}