{"id":37530,"date":"2026-01-21T16:25:51","date_gmt":"2026-01-21T15:25:51","guid":{"rendered":"https:\/\/www.hellocare.com\/blog\/?p=37530"},"modified":"2026-02-25T11:43:43","modified_gmt":"2026-02-25T10:43:43","slug":"les-points-essentiels-sur-la-coqueluche","status":"publish","type":"post","link":"https:\/\/www.hellocare.com\/blog\/les-points-essentiels-sur-la-coqueluche\/","title":{"rendered":"Les points essentiels sur : la coqueluche"},"content":{"rendered":"<p><div class=\"fusion-fullwidth fullwidth-box fusion-builder-row-1 nonhundred-percent-fullwidth non-hundred-percent-height-scrolling\" style=\"--awb-border-radius-top-left:0px;--awb-border-radius-top-right:0px;--awb-border-radius-bottom-right:0px;--awb-border-radius-bottom-left:0px;--awb-margin-top:0px;--awb-margin-bottom:0px;--awb-flex-wrap:wrap;\" ><div class=\"fusion-builder-row fusion-row\"><div class=\"fusion-layout-column fusion_builder_column fusion-builder-column-0 fusion_builder_column_1_1 1_1 fusion-one-full fusion-column-first fusion-column-last\" style=\"--awb-bg-blend:overlay;--awb-bg-size:cover;\"><div class=\"fusion-column-wrapper fusion-column-has-shadow fusion-flex-column-wrapper-legacy\"><div class=\"fusion-title title fusion-title-1 fusion-sep-none fusion-title-text fusion-title-size-one\" style=\"--awb-text-color:#f05858;--awb-font-size:40px;\"><h1 class=\"fusion-title-heading title-heading-left fusion-responsive-typography-calculated\" style=\"margin:0;font-size:1em;--fontSize:40;line-height:1.55;\">Les points <span style=\"font-size: 1em; background-color: rgba(0, 0, 0, 0);\">essentiels sur : la coqueluche<\/span><\/h1><\/div><div class=\"fusion-clearfix\"><\/div><\/div><\/div><\/div><\/div><div class=\"fusion-fullwidth fullwidth-box fusion-builder-row-2 fusion-flex-container nonhundred-percent-fullwidth non-hundred-percent-height-scrolling\" style=\"--awb-border-radius-top-left:0px;--awb-border-radius-top-right:0px;--awb-border-radius-bottom-right:0px;--awb-border-radius-bottom-left:0px;--awb-padding-right:0px;--awb-padding-bottom:0px;--awb-padding-left:62px;--awb-margin-bottom:0px;--awb-flex-wrap:wrap;\" ><div class=\"fusion-builder-row fusion-row fusion-flex-align-items-flex-start fusion-flex-content-wrap\" style=\"max-width:1456px;margin-left: calc(-4% \/ 2 );margin-right: calc(-4% \/ 2 );\"><div class=\"fusion-layout-column fusion_builder_column fusion-builder-column-1 fusion_builder_column_1_1 1_1 fusion-flex-column\" style=\"--awb-bg-size:cover;--awb-width-large:100%;--awb-margin-top-large:25px;--awb-spacing-right-large:1.92%;--awb-margin-bottom-large:25px;--awb-spacing-left-large:1.92%;--awb-width-medium:100%;--awb-order-medium:0;--awb-spacing-right-medium:1.92%;--awb-spacing-left-medium:1.92%;--awb-width-small:100%;--awb-order-small:0;--awb-spacing-right-small:1.92%;--awb-spacing-left-small:1.92%;\"><div class=\"fusion-column-wrapper fusion-column-has-shadow fusion-flex-justify-content-flex-start fusion-content-layout-column\"><div class=\"fusion-text fusion-text-1\"><p><span style=\"vertical-align: inherit;\"><span style=\"vertical-align: inherit;\"><span style=\"vertical-align: inherit;\"><span style=\"vertical-align: inherit;\"><span style=\"font-size: regular;\"><span style=\"font-size: 18px; line-height: 1.6em; letter-spacing: 0px;\"><span class=\"fusion-dropcap dropcap\">D<\/span><\/span><\/span><\/span><\/span><\/span><\/span><strong>\u00e9couvrez tout sur la coqueluche, une maladie respiratoire en pleine recrudescence touchant tous les \u00e2ges<\/strong><\/p>\n<p>La coqueluche, souvent consid\u00e9r\u00e9e comme une maladie concernant les enfants, se manifeste vigoureusement \u00e0 tous les stades de la vie, y compris parmi les adultes et les personnes \u00e2g\u00e9es, particuli\u00e8rement vuln\u00e9rables (1,2). En d\u00e9pit des avanc\u00e9es m\u00e9dicales, cette infection, aussi appel\u00e9e \u00ab toux des 100 jours \u00bb, conna\u00eet une r\u00e9surgence importante. Alors quels en sont les sympt\u00f4mes, les risques, les options de traitement efficaces et comment combattre cette infection touchant les voies respiratoires ?<\/p>\n<\/div><\/div><\/div><\/div><\/div><div class=\"fusion-fullwidth fullwidth-box fusion-builder-row-3 nonhundred-percent-fullwidth non-hundred-percent-height-scrolling\" style=\"--awb-border-radius-top-left:0px;--awb-border-radius-top-right:0px;--awb-border-radius-bottom-right:0px;--awb-border-radius-bottom-left:0px;--awb-margin-top:0px;--awb-margin-bottom:0px;--awb-flex-wrap:wrap;\" ><div class=\"fusion-builder-row fusion-row\"><div class=\"fusion-layout-column fusion_builder_column fusion-builder-column-2 fusion_builder_column_1_1 1_1 fusion-one-full fusion-column-first fusion-column-last\" style=\"--awb-bg-blend:overlay;--awb-bg-size:cover;--awb-margin-top:0px;--awb-margin-bottom:0px;\"><div class=\"fusion-column-wrapper fusion-column-has-shadow fusion-flex-column-wrapper-legacy\"><div class=\"fusion-title title fusion-title-2 fusion-sep-none fusion-title-text fusion-title-size-two\"><h2 class=\"fusion-title-heading title-heading-left fusion-responsive-typography-calculated\" style=\"margin:0;--fontSize:36;line-height:1.25;\"><h2><strong>Qu\u2019est-ce que la coqueluche ?<\/strong><\/h2><\/h2><\/div><div class=\"fusion-text fusion-text-2\"><p>La coqueluche est une <strong>infection respiratoire d\u2019origine bact\u00e9rienne.<\/strong> C\u2019est une maladie ancienne dont les premi\u00e8res descriptions cliniques remontent \u00e0 1578 lors d&rsquo;une \u00e9pid\u00e9mie en France qui s&rsquo;est \u00e9tendu vers toute l&rsquo;Europe par la suite. Elle est caus\u00e9e principalement par <strong>le bacille <em>Bordetella pertussis<\/em>. <\/strong>Cette bact\u00e9rie porte le nom de l\u2019un de ses d\u00e9couvreurs, <strong>Jules Bordet<\/strong>, qui, avec <strong>Octave Gengou<\/strong>, isola le germe en 1906.<br \/>\n<i><span style=\"font-size: 12px;\" data-fusion-font=\"true\"><span style=\"font-size: 13px;\" data-fusion-font=\"true\">(2-4)<\/span><\/span><\/i><\/p>\n<\/div><div class=\"fusion-clearfix\"><\/div><\/div><\/div><\/div><\/div><div class=\"fusion-fullwidth fullwidth-box fusion-builder-row-4 nonhundred-percent-fullwidth non-hundred-percent-height-scrolling\" style=\"--awb-border-radius-top-left:0px;--awb-border-radius-top-right:0px;--awb-border-radius-bottom-right:0px;--awb-border-radius-bottom-left:0px;--awb-padding-top:0px;--awb-padding-bottom:0px;--awb-margin-top:0px;--awb-flex-wrap:wrap;\" ><div class=\"fusion-builder-row fusion-row\"><div class=\"fusion-layout-column fusion_builder_column fusion-builder-column-3 fusion_builder_column_1_1 1_1 fusion-one-full fusion-column-first fusion-column-last\" style=\"--awb-bg-blend:overlay;--awb-bg-size:cover;\"><div class=\"fusion-column-wrapper fusion-column-has-shadow fusion-flex-column-wrapper-legacy\"><div class=\"fusion-text fusion-text-3\"><p style=\"text-align: left;\"><strong><span style=\"font-size: large;\"><a href=\"https:\/\/www.hellocare.com\/rendez-vous\/medecin-generaliste\">Besoin de conseils ? Consultez un m\u00e9decin en ligne d\u00e8s maintenant ! <i class=\"fas fa-video\"><\/i> <\/a> <\/span><\/strong><\/p>\n<\/div><div class=\"fusion-clearfix\"><\/div><\/div><\/div><\/div><\/div><div class=\"fusion-fullwidth fullwidth-box fusion-builder-row-5 nonhundred-percent-fullwidth non-hundred-percent-height-scrolling\" style=\"--awb-border-radius-top-left:0px;--awb-border-radius-top-right:0px;--awb-border-radius-bottom-right:0px;--awb-border-radius-bottom-left:0px;--awb-padding-top:0px;--awb-margin-top:0px;--awb-flex-wrap:wrap;\" ><div class=\"fusion-builder-row fusion-row\"><div class=\"fusion-layout-column fusion_builder_column fusion-builder-column-4 fusion_builder_column_1_1 1_1 fusion-one-full fusion-column-first fusion-column-last\" style=\"--awb-bg-blend:overlay;--awb-bg-size:cover;--awb-margin-top:0px;\"><div class=\"fusion-column-wrapper fusion-column-has-shadow fusion-flex-column-wrapper-legacy\"><div class=\"fusion-title title fusion-title-3 fusion-sep-none fusion-title-text fusion-title-size-two\"><h2 class=\"fusion-title-heading title-heading-left fusion-responsive-typography-calculated\" style=\"margin:0;--fontSize:36;line-height:1.25;\"><h2><strong>Quels sont les sympt\u00f4mes de la coqueluche ?<\/strong><\/h2><\/h2><\/div><div class=\"fusion-text fusion-text-4\"><p data-pm-slice=\"1 1 &#091;&#093;\"><strong>L<\/strong>a <strong>p\u00e9riode d\u2019incubation, c&rsquo;est \u00e0 dire le temps \u00e9coul\u00e9 entre la contamination et l&rsquo;apparition des premier sympt\u00f4mes, <\/strong>est en moyenne d\u2019environ 10 jours. S\u2019en suit l\u2019apparition des sympt\u00f4mes, notamment un \u00e9coulement nasal (rhinite ou rhinorrh\u00e9e), associ\u00e9 ou non \u00e0 une fi\u00e8vre tr\u00e8s faible, qui dure environ deux semaines.<\/p>\n<p>A l\u2019issue de cette premi\u00e8re phase, une toux appara\u00eet. Elle \u00e9volue rapidement en s\u00e9ries de toux, qu\u2019on appelle des quintes. Les quintes de toux pr\u00e9sentent les caract\u00e9ristiques suivantes :<\/p>\n<ul>\n<li>Des acc\u00e8s de toux soudains, violents et r\u00e9p\u00e9t\u00e9s.<\/li>\n<\/ul>\n<ul>\n<li>Des spasmes provoqu\u00e9s par les acc\u00e8s.<\/li>\n<\/ul>\n<ul>\n<li>Chez les nourrissons, une baisse du rythme cardiaque (bradycardie) ou une coloration bleut\u00e9e de la peau (cyanose).<\/li>\n<\/ul>\n<ul>\n<li>Une respiration difficile.<\/li>\n<\/ul>\n<ul>\n<li>Un \u00e9clatement des petits vaisseaux sanguins autour des yeux (qu\u2019on appelle des p\u00e9t\u00e9chies).<\/li>\n<\/ul>\n<p>A la fin de ces quintes de toux, il est difficile pour la personne atteinte de la coqueluche de retrouver son souffle, \u00e9mettant un son strident, souvent d\u00e9crit comme un \u00ab chant du coq \u00bb. Cette phase est aussi marqu\u00e9e par l&rsquo;expulsion de s\u00e9cr\u00e9tions \u00e9paisses et claires, accompagn\u00e9e fr\u00e9quemment de vomissements. Chez les adultes et adolescents, ces quintes tendent \u00e0 s&rsquo;intensifier durant la nuit. De plus, chez les femmes enceintes, ces \u00e9pisodes de toux peuvent d\u00e9clencher des contractions ut\u00e9rines.<\/p>\n<blockquote style=\"text-align: left;\">\n<p><em><span style=\"color: #c8404a;\"><b><span style=\"font-size: 17px; color: #000000;\" data-fusion-font=\"true\">Le saviez-vous ?<\/span><\/b><\/span><\/em><\/p>\n<p><em>La toux de la coqueluche ne s&rsquo;accompagne pas de fi\u00e8vre ni d&rsquo;autres complications respiratoires. Entre chaque quinte de toux, le malade n&rsquo;a aucun sympt\u00f4me.<\/em><\/p>\n<\/blockquote>\n<p>Dans les pays o\u00f9 les enfants ne sont pas vaccin\u00e9s contre la coqueluche, la transmission se fait parmi eux.<\/p>\n<p>Dans les pays comme la France, des campagnes vaccinales chez les enfants permettent de limiter les contaminations : la transmission de la maladie se fait essentiellement d\u2019adultes et adolescents vers les nourrissons trop jeunes pour \u00eatre vaccin\u00e9s.<\/p>\n<p>Les adultes infect\u00e9s peuvent \u00e9galement contaminer des adolescents ou d\u2019autres adultes, qui ne sont plus immunis\u00e9s par le vaccin, ni par le fait d\u2019avoir d\u00e9j\u00e0 d\u00e9velopp\u00e9 la maladie.<\/p>\n<p>La derni\u00e8re phase dure une \u00e0 plusieurs semaines. Durant celle-ci, la toux r\u00e9gresse lentement. Paradoxalement, il s\u2019agit de la phase o\u00f9 surviennent les sympt\u00f4mes les plus graves dans la population jeune. Chez les enfants, les complications notables sont des pneumonies ou des affections neurologiques (crises convulsives, enc\u00e9phalites). Chez le nourrisson, la coqueluche peut \u00eatre tr\u00e8s grave voire mortelle, car accompagn\u00e9e d\u2019une d\u00e9faillance respiratoire ou multivisc\u00e9rale.<\/p>\n<p>D\u2019autres maladies infectieuses respiratoires comme la tuberculose, connaissent actuellement une recrudescence. Pour en savoir plus sur cette maladie, n&rsquo;h\u00e9sitez pas \u00e0 <i><b><a href=\"https:\/\/hellocare.com\/blog\/symptomes-tuberculose-diagnostic-et-traitement\/\" target=\"_blank\" rel=\"noopener noreferrer\">consulter l\u2019article sur la tuberculose.<\/a><\/b><\/i><br \/>\n<span style=\"font-size: 13px;\" data-fusion-font=\"true\">(2,5)<\/span><\/p>\n<\/div><div class=\"fusion-clearfix\"><\/div><\/div><\/div><\/div><\/div><div class=\"fusion-fullwidth fullwidth-box fusion-builder-row-6 nonhundred-percent-fullwidth non-hundred-percent-height-scrolling\" style=\"--awb-border-radius-top-left:0px;--awb-border-radius-top-right:0px;--awb-border-radius-bottom-right:0px;--awb-border-radius-bottom-left:0px;--awb-padding-bottom:0px;--awb-margin-bottom:0px;--awb-flex-wrap:wrap;\" ><div class=\"fusion-builder-row fusion-row\"><div class=\"fusion-layout-column fusion_builder_column fusion-builder-column-5 fusion_builder_column_1_1 1_1 fusion-one-full fusion-column-first fusion-column-last\" style=\"--awb-bg-blend:overlay;--awb-bg-size:cover;--awb-margin-top:0px;--awb-margin-bottom:0px;\"><div class=\"fusion-column-wrapper fusion-column-has-shadow fusion-flex-column-wrapper-legacy\"><div class=\"fusion-title title fusion-title-4 fusion-sep-none fusion-title-text fusion-title-size-two\"><h2 class=\"fusion-title-heading title-heading-left fusion-responsive-typography-calculated\" style=\"margin:0;--fontSize:36;line-height:1.25;\"><h2 data-pm-slice=\"1 1 &#091;&#093;\"><strong>Quels sont les traitements disponibles ?<\/strong><\/h2><\/h2><\/div><div class=\"fusion-text fusion-text-5\"><p data-pm-slice=\"1 1 &#091;&#093;\"><strong>L<\/strong>es antibiotiques de la famille des <strong>macrolides<\/strong> constituent le traitement de r\u00e9f\u00e9rence : <strong>la clarithromycine, l\u2019azithromycine <\/strong>ou \u00e9ventuellement<strong> l\u2019\u00e9rythromycine, <\/strong>si les 2 premiers ne sont plus disponibles. Si le patient est allergique aux macrolides, le m\u00e9decin prescrit du cotrimoxazole. La prise d\u2019antibiotiques le plus t\u00f4t possible n\u2019emp\u00eache pas l\u2019\u00e9volution de la maladie de la coqueluche d\u2019autant plus que le diagnostic est tardif. Il permet en revanche de diminuer les risques de transmission et dans certains cas de diminuer l&rsquo;apparition des sympt\u00f4mes.<\/p>\n<p>La dur\u00e9e de traitement varie selon l\u2019antibiotique utilis\u00e9 (3 \u00e0 4 jours).<\/p>\n<p>En plus des antibiotiques principalement utilis\u00e9s, certains patients peuvent b\u00e9n\u00e9ficier de traitements de soutien symptomatiques, tels que des m\u00e9dicaments pour calmer les quintes de toux s\u00e9v\u00e8res. Il est essentiel de consulter un m\u00e9decin pour une prise en charge adapt\u00e9e et personnalis\u00e9e en fonction des sympt\u00f4mes sp\u00e9cifiques de chaque individu. Des mesures de confort telles que l&rsquo;hydratation ad\u00e9quate et le repos sont \u00e9galement recommand\u00e9es pour soutenir le processus de gu\u00e9rison.<\/p>\n<blockquote style=\"padding-left: 0px;\">\n<p style=\"padding-left: 40px; font-size: 17px;\" data-fusion-font=\"true\"><span style=\"font-size: 17px;\" data-fusion-font=\"true\"><b>Le saviez-vous ?<\/b><\/span><\/p>\n<p style=\"padding-left: 40px; font-size: 17px;\" data-fusion-font=\"true\"><span style=\"color: #000000; font-size: 16px;\" data-fusion-font=\"true\">Lors d&rsquo;une infection de la coqueluche, le patient n&rsquo;est pas le seul \u00e0 se faire prescrire des antibiotiques. <\/span><span style=\"background-color: rgba(0, 0, 0, 0); color: #000000; font-size: 16px;\" data-fusion-font=\"true\">L&rsquo;ensemble de l&rsquo;entourage ayant des contacts proches avec le malade est \u00e9galement trait\u00e9, on parle d&rsquo;antibioth\u00e9rapie prophylatique. Il doit d\u00e9buter le plus t\u00f4t possible et concerne :<\/span><\/p>\n<ul>\n<li><em style=\"background-color: rgba(0, 0, 0, 0);\"><span style=\"color: #000000;\">Les nourrissons de moins de 6 mois ou ceux de 7-11 mois non ou incompl\u00e8tement vaccin\u00e9s (moins de 2 doses).<\/span><\/em><\/li>\n<\/ul>\n<ul>\n<li><em style=\"background-color: rgba(0, 0, 0, 0);\"><span style=\"color: #000000;\">Les personnes \u00e2g\u00e9es de plus de 80 ans.<\/span><\/em><\/li>\n<\/ul>\n<ul>\n<li><em style=\"background-color: rgba(0, 0, 0, 0);\"><span style=\"color: #000000;\">Les personnes immunodeprim\u00e9es.<\/span><\/em><\/li>\n<\/ul>\n<ul>\n<li><em style=\"background-color: rgba(0, 0, 0, 0);\"><span style=\"color: #000000;\">Les personnes atteintes de pathologies des voies respiratoires chroniques (asthme, BPCO).<\/span><\/em><\/li>\n<\/ul>\n<ul>\n<li><em style=\"background-color: rgba(0, 0, 0, 0);\"><span style=\"color: #000000;\">Les femmes enceintes au troisi\u00e8me trimestre dont le dernier rappel de vaccination de la coqueluche date de plus de 5 ans.<\/span><\/em><\/li>\n<\/ul>\n<ul>\n<li><em style=\"background-color: rgba(0, 0, 0, 0);\"><span style=\"color: #000000;\">Les enfants et les adultes dont la derni\u00e8re vaccination date de plus de 5 ans et qui sont en contact avec les populations pr\u00e9c\u00e9demment cit\u00e9es.<br \/>\n<\/span><\/em><span style=\"font-size: 13px;\" data-fusion-font=\"true\">(5-7)<\/span><\/li>\n<\/ul>\n<\/blockquote>\n<p><span style=\"color: #f05858;\"><br \/>\n<b style=\"color: #f05858;\">Important : Les traitements pr\u00e9sent\u00e9s ici sont cit\u00e9s \u00e0 titre purement informatif. Suivez scrupuleusement les indications de votre m\u00e9decin, qui est la seule personne habilit\u00e9e \u00e0 d\u00e9terminer les m\u00e9dicaments que vous devrez prendre. La prescription m\u00e9dicamenteuse est personnalis\u00e9e et se base sur des facteurs uniques \u00e0 chacun, incluant votre \u00e2ge, votre condition physique, vos ant\u00e9c\u00e9dents m\u00e9dicaux\u2026<\/b><\/span><\/p>\n<h2 style=\"--fontsize: 36; line-height: 1.25;\" data-fontsize=\"36\" data-lineheight=\"45px\"><\/h2>\n<\/div><div class=\"fusion-clearfix\"><\/div><\/div><\/div><\/div><\/div><div class=\"fusion-fullwidth fullwidth-box fusion-builder-row-7 nonhundred-percent-fullwidth non-hundred-percent-height-scrolling\" style=\"--awb-border-radius-top-left:0px;--awb-border-radius-top-right:0px;--awb-border-radius-bottom-right:0px;--awb-border-radius-bottom-left:0px;--awb-flex-wrap:wrap;\" ><div class=\"fusion-builder-row fusion-row\"><div class=\"fusion-layout-column fusion_builder_column fusion-builder-column-6 fusion_builder_column_1_1 1_1 fusion-one-full fusion-column-first fusion-column-last\" style=\"--awb-bg-blend:overlay;--awb-bg-size:cover;--awb-margin-top:0px;--awb-margin-bottom:0px;\"><div class=\"fusion-column-wrapper fusion-column-has-shadow fusion-flex-column-wrapper-legacy\"><div class=\"fusion-title title fusion-title-5 fusion-sep-none fusion-title-text fusion-title-size-two\"><h2 class=\"fusion-title-heading title-heading-left fusion-responsive-typography-calculated\" style=\"margin:0;--fontSize:36;line-height:1.25;\"><h2 data-pm-slice=\"1 1 &#091;&#093;\"><strong>L&rsquo;importance de la vaccination contre la coqueluche.<\/strong><\/h2><\/h2><\/div><div class=\"fusion-text fusion-text-6\"><p data-pm-slice=\"1 1 &#091;&#093;\">La vaccination contre la coqueluche, essentielle et int\u00e9gr\u00e9e au calendrier des vaccins recommand\u00e9s en France, joue un r\u00f4le crucial dans la r\u00e9duction significative de l&rsquo;incidence de cette infection respiratoire. L&rsquo;efficacit\u00e9 de cette strat\u00e9gie est amplifi\u00e9e par l&rsquo;inclusion du vaccin dans une formule combin\u00e9e qui assure \u00e9galement une protection contre la dipht\u00e9rie, le t\u00e9tanos et la poliomy\u00e9lite. La campagne de vaccination se poursuit tout au long de la vie avec des rappels programm\u00e9s, assurant une couverture continue selon le calendrier vaccinal suivant :<\/p>\n<ul>\n<li>Nouveaux-n\u00e9s : \u00e0 2 mois, 4 mois et un rappel \u00e0 11 mois.<\/li>\n<\/ul>\n<ul>\n<li>Enfants : 6 ans et un rappel entre 11 et 13 ans.<\/li>\n<\/ul>\n<ul>\n<li>Adultes : \u00e0 25 ans (rattrapage possible jusqu&rsquo;\u00e0 40 ans).<\/li>\n<\/ul>\n<p>Depuis 2022, en r\u00e9ponse \u00e0 l&rsquo;importance cruciale de prot\u00e9ger les nouveau-n\u00e9s, la vaccination contre la coqueluche est recommand\u00e9e pendant la grossesse, entre 20 et 36 semaines d\u2019am\u00e9norrh\u00e9e, et \u00e0 chaque grossesse. Pour celles et ceux qui ne sont pas vaccin\u00e9s durant la grossesse, la vaccination est \u00e9galement conseill\u00e9e pour les parents en post-partum ainsi que pour toute personne en contact proche avec le nourrisson durant ses premiers mois.<\/p>\n<p>L&rsquo;adoption de mesures pr\u00e9ventives, comme le port du masque dans les espaces \u00e0 risque, est fortement conseill\u00e9e pour compl\u00e9ter la protection vaccinale, surtout dans les contextes d&rsquo;\u00e9pid\u00e9mie d&rsquo;infections respiratoires. Ces pratiques collectives et individuelles sont essentielles pour contr\u00f4ler et pr\u00e9venir efficacement la propagation de la coqueluche.<br \/>\n<span style=\"font-size: 13px;\" data-fusion-font=\"true\">(2.)<\/span><\/p>\n<\/div><div class=\"fusion-clearfix\"><\/div><\/div><\/div><\/div><\/div><div class=\"fusion-fullwidth fullwidth-box fusion-builder-row-8 nonhundred-percent-fullwidth non-hundred-percent-height-scrolling\" style=\"--awb-border-radius-top-left:0px;--awb-border-radius-top-right:0px;--awb-border-radius-bottom-right:0px;--awb-border-radius-bottom-left:0px;--awb-padding-top:0px;--awb-margin-top:0px;--awb-margin-bottom:0px;--awb-flex-wrap:wrap;\" ><div class=\"fusion-builder-row fusion-row\"><div class=\"fusion-layout-column fusion_builder_column fusion-builder-column-7 fusion_builder_column_1_1 1_1 fusion-one-full fusion-column-first fusion-column-last\" style=\"--awb-bg-blend:overlay;--awb-bg-size:cover;--awb-margin-top:0px;--awb-margin-bottom:0px;\"><div class=\"fusion-column-wrapper fusion-column-has-shadow fusion-flex-column-wrapper-legacy\"><div class=\"fusion-title title fusion-title-6 fusion-sep-none fusion-title-text fusion-title-size-two\"><h2 class=\"fusion-title-heading title-heading-left fusion-responsive-typography-calculated\" style=\"margin:0;--fontSize:36;line-height:1.25;\"><h2 data-pm-slice=\"1 1 &#091;&#093;\">Quelques conseils de r\u00e9tablissement<\/h2><\/h2><\/div><div class=\"fusion-text fusion-text-7\"><p data-pm-slice=\"1 1 &#091;&#093;\">Apr\u00e8s avoir combattu la coqueluche, il est essentiel de prendre soin de votre corps pendant la phase de r\u00e9tablissement. La reprise des activit\u00e9s doit \u00eatre g\u00e9r\u00e9e avec prudence pour \u00e9viter toute complication suppl\u00e9mentaire. Il est important de reprendre progressivement toute activit\u00e9 physique afin de pr\u00e9venir des blessures telles que <a href=\"https:\/\/www.hellocare.com\/blog\/fracture-de-fatigue-pied-tibia\/\"><b><i>les fractures de fatigue<\/i><\/b><\/a>, qui sont un risque notable pour ceux qui reprennent le sport ou tout exercice intense apr\u00e8s une p\u00e9riode prolong\u00e9e d&rsquo;inactivit\u00e9.<\/p>\n<p>Pour faciliter un r\u00e9tablissement s\u00e9curitaire et efficace, voici quelques conseils suppl\u00e9mentaires :<\/p>\n<ul>\n<li><strong>Repos ad\u00e9quat<\/strong> : assurez-vous de maintenir un bon \u00e9quilibre entre activit\u00e9 et repos. Dormir suffisamment aide le corps \u00e0 se r\u00e9parer et \u00e0 se renforcer apr\u00e8s l&rsquo;\u00e9preuve d&rsquo;une maladie.<\/li>\n<\/ul>\n<ul>\n<li><strong>Hydratation et nutrition<\/strong> : une bonne hydratation et une alimentation \u00e9quilibr\u00e9e sont vitales. Il est recommand\u00e9 de consomme des aliments riches en vitamines, min\u00e9raux, et prot\u00e9ines pour aider votre corps \u00e0 reconstruire les tissus et renforcer le syst\u00e8me immunitaire.<\/li>\n<\/ul>\n<ul>\n<li><strong>Reprise graduelle de l&rsquo;exercice<\/strong> : commencez par des exercices l\u00e9gers tels que la marche ou le yoga. Augmentez l&rsquo;intensit\u00e9 et la dur\u00e9e de l&rsquo;exercice graduellement, en fonction de votre r\u00e9ponse physique et selon les conseils de votre m\u00e9decin.<\/li>\n<\/ul>\n<ul>\n<li><strong>Suivi m\u00e9dical<\/strong> : planifiez des consultations de suivi avec votre m\u00e9decin pour surveiller votre r\u00e9tablissement. Discutez de toute pr\u00e9occupation ou sympt\u00f4me inhabituel que vous pourriez exp\u00e9rimenter pendant votre convalescence.<\/li>\n<\/ul>\n<ul>\n<li><strong>\u00c9coute de votre corps<\/strong> : soyez attentif aux signaux de votre corps. En cas de douleur, de fatigue excessive ou de tout autre sympt\u00f4me inhabituel, r\u00e9duisez vos activit\u00e9s et<i><a href=\"https:\/\/www.hellocare.com\/rendez-vous\/medecin-generaliste\"> <b>consultez un professionnel de sant\u00e9<\/b><\/a><b>.<\/b><\/i><\/li>\n<\/ul>\n<ul>\n<li><strong>\u00c9vitez les environnements enfum\u00e9s ou pollu\u00e9s<\/strong> : les poumons peuvent rester sensibles apr\u00e8s une infection des voies respiratoires telle que la coqueluche. \u00c9viter les irritants tels que la fum\u00e9e de cigarette et la pollution peut contribuer \u00e0 une meilleure gu\u00e9rison.<\/li>\n<\/ul>\n<p>En suivant ces lignes directrices, vous pouvez aider \u00e0 assurer un r\u00e9tablissement plus s\u00fbr et plus rapide.<\/p>\n<\/div><div class=\"fusion-clearfix\"><\/div><\/div><\/div><\/div><\/div><div class=\"fusion-fullwidth fullwidth-box fusion-builder-row-9 nonhundred-percent-fullwidth non-hundred-percent-height-scrolling\" style=\"--awb-border-radius-top-left:0px;--awb-border-radius-top-right:0px;--awb-border-radius-bottom-right:0px;--awb-border-radius-bottom-left:0px;--awb-padding-right:0px;--awb-padding-bottom:0px;--awb-padding-left:101px;--awb-margin-top:0px;--awb-margin-bottom:0px;--awb-flex-wrap:wrap;\" ><div class=\"fusion-builder-row fusion-row\"><div class=\"fusion-layout-column fusion_builder_column fusion-builder-column-8 fusion_builder_column_1_1 1_1 fusion-one-full fusion-column-first fusion-column-last\" style=\"--awb-bg-blend:overlay;--awb-bg-size:cover;--awb-margin-top:0px;--awb-margin-bottom:0px;\"><div class=\"fusion-column-wrapper fusion-column-has-shadow fusion-flex-column-wrapper-legacy\"><div class=\"fusion-content-boxes content-boxes columns row fusion-columns-1 fusion-columns-total-1 fusion-content-boxes-1 content-boxes-clean-vertical content-left content-boxes-icon-on-top\" style=\"--awb-backgroundcolor:#f3f6f7;--awb-border-radius-top-left:5px;--awb-border-radius-top-right:5px;--awb-border-radius-bottom-right:5px;--awb-border-radius-bottom-left:5px;--awb-body-color:#1f1f1f;--awb-title-color:#1f1f1f;--awb-iconcolor:#ffffff;--awb-hover-accent-color:#3bb2b8;--awb-circle-hover-accent-color:#3bb2b8;--awb-item-margin-bottom:40px;--awb-box-shadow:10px 10px 10px -5px #d8d8d8;;\" data-animationOffset=\"top-into-view\"><div style=\"--awb-backgroundcolor:#edeff2;--awb-iconcolor:#ffffff;border-color:rgba(255,255,255,0);\" class=\"fusion-column content-box-column content-box-column content-box-column-1 col-lg-12 col-md-12 col-sm-12 fusion-content-box-hover content-box-column-last content-box-column-last-in-row\"><div class=\"col content-box-wrapper content-wrapper-background link-area-link-icon link-type-button icon-hover-animation-pulsate\" data-animationOffset=\"top-into-view\"><div class=\"heading heading-with-icon icon-left\"><a class=\"heading-link\" href=\"https:\/\/www.hellocare.com\/rendez-vous\/medecin-generaliste\" target=\"_self\"><div class=\"icon\"><i style=\"border-color:rgba(77,57,233,0);border-width:0px;background-color:#3bb2b8;box-sizing:content-box;height:48px;width:48px;line-height:48px;border-radius:100%;font-size:24px;\" aria-hidden=\"true\" class=\"fontawesome-icon fa-video fas circle-yes\"><\/i><\/div><h2 class=\"content-box-heading fusion-responsive-typography-calculated\" style=\"--h2_typography-font-size:24px;--fontSize:24;line-height:1.25;\">Un m\u00e9decin g\u00e9n\u00e9raliste en t\u00e9l\u00e9consultation 7j\/7<\/h2><\/a><\/div><div class=\"fusion-clearfix\"><\/div><div class=\"content-container\">M\u00e9decins g\u00e9nralistes disponibles pour des consultations en vid\u00e9o s\u00e9curis\u00e9es.<br \/>\nRemboursable par l\u2019Assurance Maladie.<\/div><div class=\"fusion-clearfix\"><\/div><a class=\"fusion-read-more-button fusion-content-box-button fusion-button button-default fusion-button-default-size button- button-flat\" href=\"https:\/\/www.hellocare.com\/rendez-vous\/medecin-generaliste\" target=\"_self\"><span class=\"fusion-button-text\">PRENDRE RDV<\/span><\/a><div class=\"fusion-clearfix\"><\/div><\/div><\/div><div class=\"fusion-clearfix\"><\/div><\/div><div class=\"fusion-clearfix\"><\/div><\/div><\/div><\/div><\/div><div class=\"fusion-fullwidth fullwidth-box fusion-builder-row-10 nonhundred-percent-fullwidth non-hundred-percent-height-scrolling\" style=\"--awb-border-radius-top-left:0px;--awb-border-radius-top-right:0px;--awb-border-radius-bottom-right:0px;--awb-border-radius-bottom-left:0px;--awb-flex-wrap:wrap;\" ><div class=\"fusion-builder-row fusion-row\"><div class=\"fusion-layout-column fusion_builder_column fusion-builder-column-9 fusion_builder_column_1_1 1_1 fusion-one-full fusion-column-first fusion-column-last\" style=\"--awb-bg-blend:overlay;--awb-bg-size:cover;\"><div class=\"fusion-column-wrapper fusion-column-has-shadow fusion-flex-column-wrapper-legacy\"><div class=\"fusion-title title fusion-title-7 fusion-sep-none fusion-title-text fusion-title-size-two\"><h2 class=\"fusion-title-heading title-heading-left fusion-responsive-typography-calculated\" style=\"margin:0;--fontSize:36;line-height:1.25;\"><h2 data-pm-slice=\"1 1 &#091;&#093;\"><strong>\u00c0 retenir : la coqueluche en 3 points<\/strong><\/h2><\/h2><\/div><div class=\"fusion-text fusion-text-8\"><ol data-pm-slice=\"3 3 &#091;&#093;\">\n<li><em><em><em><em><em><span style=\"font-size: 16px;\" data-fusion-font=\"true\"><b><span style=\"font-size: 17px;\" data-fusion-font=\"true\">La coqueluche est une maladie infectieuse respiratoire caus\u00e9e par la bact\u00e9rie Bordetella pertussis.<\/span><\/b><\/span><\/em><\/em><\/em><\/em><\/em><\/li>\n<li><em><em><em><em><b><span style=\"font-size: 16px;\" data-fusion-font=\"true\"><span style=\"font-size: 17px;\" data-fusion-font=\"true\">Cette maladie se manifeste par des quintes de toux s\u00e9v\u00e8res, des difficult\u00e9s respiratoires et peut entra\u00eener des complications graves chez les nouveaux-n\u00e9s et les femmes enceintes.<\/span><\/span><\/b><\/em><\/em><\/em><\/em><\/li>\n<li><em><span style=\"font-size: 16px;\" data-fusion-font=\"true\"><b><span style=\"font-size: 17px;\" data-fusion-font=\"true\">Le traitement repose sur l&rsquo;antibioth\u00e9rapie du malade et de son entourage proche. La pr\u00e9vention, elle, repose sur la vaccination et l&rsquo;adoption de mesures de protection telles que les gestes barri\u00e8res.<\/span><br \/>\n<\/b><span style=\"font-size: 13px;\" data-fusion-font=\"true\">(2-7)<\/span><\/span><\/em><\/li>\n<\/ol>\n<\/div><div class=\"fusion-clearfix\"><\/div><\/div><\/div><\/div><\/div><div class=\"fusion-fullwidth fullwidth-box fusion-builder-row-11 nonhundred-percent-fullwidth non-hundred-percent-height-scrolling\" style=\"--awb-border-radius-top-left:0px;--awb-border-radius-top-right:0px;--awb-border-radius-bottom-right:0px;--awb-border-radius-bottom-left:0px;--awb-flex-wrap:wrap;\" ><div class=\"fusion-builder-row fusion-row\"><div class=\"fusion-layout-column fusion_builder_column fusion-builder-column-10 fusion_builder_column_1_1 1_1 fusion-one-full fusion-column-first fusion-column-last\" style=\"--awb-bg-blend:overlay;--awb-bg-size:cover;\"><div class=\"fusion-column-wrapper fusion-column-has-shadow fusion-flex-column-wrapper-legacy\"><div class=\"fusion-title title fusion-title-8 fusion-sep-none fusion-title-text fusion-title-size-two\"><h2 class=\"fusion-title-heading title-heading-left fusion-responsive-typography-calculated\" style=\"margin:0;--fontSize:36;line-height:1.25;\"><h2 data-pm-slice=\"1 1 &#091;&#093;\"><strong>R\u00e9f\u00e9rences<\/strong><\/h2><\/h2><\/div><div class=\"fusion-text fusion-text-9\"><p data-pm-slice=\"1 1 &#091;&#093;\">1.<a href=\"https:\/\/www.inserm.fr\/dossier\/coqueluche\/\"> <u>Inserm \u2013 Coqueluche : La \u00ab\u00a0toux des 100 jours\u00a0\u00bb est revenue.<\/u><\/a><\/p>\n<p>2. <u><a href=\"https:\/\/www.pasteur.fr\/fr\/centre-medical\/fiches-maladies\/coqueluche\" target=\"_blank\" rel=\"noopener noreferrer\">Institut Pasteur \u2013 Coqueluche.<\/a><\/u><\/p>\n<p>3. <u><a href=\"https:\/\/www.pasteur.fr\/fr\/centre-medical\/fiches-maladies\/coqueluche\" target=\"_blank\" rel=\"noopener noreferrer\">Encyclopedia Universalis \u2013 Coqueluche.<\/a><\/u><\/p>\n<p>4. <u>Institut Pasteur \u2013 Coqueluche : comment expliquer la r\u00e9surgence de la maladie en 2024 en France ?<\/u><\/p>\n<p>5.<a href=\"https:\/\/www.ameli.fr\/assure\/sante\/themes\/coqueluche\/definition-transmission-symptomes\"> <u>AMELI &#8211; Coqueluche : d\u00e9finition, transmission et sympt\u00f4mes.<\/u><\/a><\/p>\n<p>6. <u><a href=\"https:\/\/www.ameli.fr\/assure\/sante\/themes\/coqueluche\/consultation-traitement-evolution\" target=\"_blank\" rel=\"noopener noreferrer\">AMELI &#8211; Coqueluche : consultation, traitement et \u00e9volution.<\/a><\/u><\/p>\n<p>7. <u><a href=\"https:\/\/www.has-sante.fr\/jcms\/p_3525542\/fr\/choix-et-durees-d-antibiotherapies-coqueluche-chez-le-nourrisson-l-enfant-et-l-adulte\" target=\"_blank\" rel=\"noopener noreferrer\">HAS &#8211; Choix et dur\u00e9es d\u2019antibioth\u00e9rapies : coqueluche chez le nourrisson, l\u2019enfant et l\u2019adulte. <\/a><\/u><\/p>\n<\/div><div class=\"fusion-clearfix\"><\/div><\/div><\/div><\/div><\/div><\/p>\n","protected":false},"excerpt":{"rendered":"<p>Quand on veut perdre du poids, on est souvent press\u00e9. Mais une perte de poids &#8230;<\/p>\n","protected":false},"author":50,"featured_media":37532,"comment_status":"closed","ping_status":"closed","sticky":false,"template":"","format":"standard","meta":{"_acf_changed":false,"inline_featured_image":false,"footnotes":""},"categories":[575],"tags":[885],"class_list":["post-37530","post","type-post","status-publish","format-standard","has-post-thumbnail","hentry","category-sante-generale-medecine","tag-landing"],"acf":[],"yoast_head":"<!-- This site is optimized with the Yoast SEO Premium plugin v26.5 (Yoast SEO v27.5) - https:\/\/yoast.com\/product\/yoast-seo-premium-wordpress\/ -->\n<title>Les points essentiels sur : la coqueluche<\/title>\n<meta name=\"description\" content=\"D\u00e9couvrez tout sur la coqueluche: sympt\u00f4mes, transmission et pr\u00e9vention pour prot\u00e9ger les plus vuln\u00e9rables.\" \/>\n<meta name=\"robots\" content=\"index, follow, max-snippet:-1, max-image-preview:large, max-video-preview:-1\" \/>\n<link rel=\"canonical\" href=\"https:\/\/www.hellocare.com\/blog\/les-points-essentiels-sur-la-coqueluche\/\" \/>\n<meta property=\"og:locale\" content=\"fr_FR\" \/>\n<meta property=\"og:type\" content=\"article\" \/>\n<meta property=\"og:title\" content=\"Les points essentiels sur : la coqueluche\" \/>\n<meta property=\"og:description\" content=\"Quand on veut perdre du poids, on est souvent press\u00e9. Mais une perte de poids ...\" \/>\n<meta property=\"og:url\" content=\"https:\/\/www.hellocare.com\/blog\/les-points-essentiels-sur-la-coqueluche\/\" \/>\n<meta property=\"og:site_name\" content=\"Hellocare\" \/>\n<meta property=\"article:publisher\" content=\"https:\/\/www.facebook.com\/hellocareapp\/\" \/>\n<meta property=\"article:published_time\" content=\"2026-01-21T15:25:51+00:00\" \/>\n<meta property=\"article:modified_time\" content=\"2026-02-25T10:43:43+00:00\" \/>\n<meta property=\"og:image\" content=\"https:\/\/www.hellocare.com\/blog\/wp-content\/uploads\/2026\/01\/Coqueluche_essentiel_illu.jpg\" \/>\n\t<meta property=\"og:image:width\" content=\"1200\" \/>\n\t<meta property=\"og:image:height\" content=\"800\" \/>\n\t<meta property=\"og:image:type\" content=\"image\/jpeg\" \/>\n<meta name=\"author\" content=\"Maxime Villaret\" \/>\n<meta name=\"twitter:card\" content=\"summary_large_image\" \/>\n<meta name=\"twitter:creator\" content=\"@hellocareapp\" \/>\n<meta name=\"twitter:site\" content=\"@hellocareapp\" \/>\n<meta name=\"twitter:label1\" content=\"\u00c9crit par\" \/>\n\t<meta name=\"twitter:data1\" content=\"Maxime Villaret\" \/>\n\t<meta name=\"twitter:label2\" content=\"Dur\u00e9e de lecture estim\u00e9e\" \/>\n\t<meta name=\"twitter:data2\" content=\"8 minutes\" \/>\n<script type=\"application\/ld+json\" class=\"yoast-schema-graph\">{\"@context\":\"https:\\\/\\\/schema.org\",\"@graph\":[{\"@type\":\"Article\",\"@id\":\"https:\\\/\\\/www.hellocare.com\\\/blog\\\/les-points-essentiels-sur-la-coqueluche\\\/#article\",\"isPartOf\":{\"@id\":\"https:\\\/\\\/www.hellocare.com\\\/blog\\\/les-points-essentiels-sur-la-coqueluche\\\/\"},\"author\":{\"name\":\"Maxime Villaret\",\"@id\":\"https:\\\/\\\/www.hellocare.com\\\/blog\\\/#\\\/schema\\\/person\\\/49907f41d544005e2396117f2cadd357\"},\"headline\":\"Les points essentiels sur : la coqueluche\",\"datePublished\":\"2026-01-21T15:25:51+00:00\",\"dateModified\":\"2026-02-25T10:43:43+00:00\",\"mainEntityOfPage\":{\"@id\":\"https:\\\/\\\/www.hellocare.com\\\/blog\\\/les-points-essentiels-sur-la-coqueluche\\\/\"},\"wordCount\":5181,\"publisher\":{\"@id\":\"https:\\\/\\\/www.hellocare.com\\\/blog\\\/#organization\"},\"image\":{\"@id\":\"https:\\\/\\\/www.hellocare.com\\\/blog\\\/les-points-essentiels-sur-la-coqueluche\\\/#primaryimage\"},\"thumbnailUrl\":\"https:\\\/\\\/www.hellocare.com\\\/blog\\\/wp-content\\\/uploads\\\/2026\\\/01\\\/Coqueluche_essentiel_illu.jpg\",\"keywords\":[\"landing\"],\"articleSection\":[\"Sant\u00e9 g\u00e9n\u00e9rale &amp; M\u00e9decine\"],\"inLanguage\":\"fr-FR\"},{\"@type\":\"WebPage\",\"@id\":\"https:\\\/\\\/www.hellocare.com\\\/blog\\\/les-points-essentiels-sur-la-coqueluche\\\/\",\"url\":\"https:\\\/\\\/www.hellocare.com\\\/blog\\\/les-points-essentiels-sur-la-coqueluche\\\/\",\"name\":\"Les points essentiels sur : la coqueluche\",\"isPartOf\":{\"@id\":\"https:\\\/\\\/www.hellocare.com\\\/blog\\\/#website\"},\"primaryImageOfPage\":{\"@id\":\"https:\\\/\\\/www.hellocare.com\\\/blog\\\/les-points-essentiels-sur-la-coqueluche\\\/#primaryimage\"},\"image\":{\"@id\":\"https:\\\/\\\/www.hellocare.com\\\/blog\\\/les-points-essentiels-sur-la-coqueluche\\\/#primaryimage\"},\"thumbnailUrl\":\"https:\\\/\\\/www.hellocare.com\\\/blog\\\/wp-content\\\/uploads\\\/2026\\\/01\\\/Coqueluche_essentiel_illu.jpg\",\"datePublished\":\"2026-01-21T15:25:51+00:00\",\"dateModified\":\"2026-02-25T10:43:43+00:00\",\"description\":\"D\u00e9couvrez tout sur la coqueluche: sympt\u00f4mes, transmission et pr\u00e9vention pour prot\u00e9ger les plus vuln\u00e9rables.\",\"breadcrumb\":{\"@id\":\"https:\\\/\\\/www.hellocare.com\\\/blog\\\/les-points-essentiels-sur-la-coqueluche\\\/#breadcrumb\"},\"inLanguage\":\"fr-FR\",\"potentialAction\":[{\"@type\":\"ReadAction\",\"target\":[\"https:\\\/\\\/www.hellocare.com\\\/blog\\\/les-points-essentiels-sur-la-coqueluche\\\/\"]}]},{\"@type\":\"ImageObject\",\"inLanguage\":\"fr-FR\",\"@id\":\"https:\\\/\\\/www.hellocare.com\\\/blog\\\/les-points-essentiels-sur-la-coqueluche\\\/#primaryimage\",\"url\":\"https:\\\/\\\/www.hellocare.com\\\/blog\\\/wp-content\\\/uploads\\\/2026\\\/01\\\/Coqueluche_essentiel_illu.jpg\",\"contentUrl\":\"https:\\\/\\\/www.hellocare.com\\\/blog\\\/wp-content\\\/uploads\\\/2026\\\/01\\\/Coqueluche_essentiel_illu.jpg\",\"width\":1200,\"height\":800},{\"@type\":\"BreadcrumbList\",\"@id\":\"https:\\\/\\\/www.hellocare.com\\\/blog\\\/les-points-essentiels-sur-la-coqueluche\\\/#breadcrumb\",\"itemListElement\":[{\"@type\":\"ListItem\",\"position\":1,\"name\":\"Accueil\",\"item\":\"https:\\\/\\\/www.hellocare.com\\\/blog\\\/\"},{\"@type\":\"ListItem\",\"position\":2,\"name\":\"Les points essentiels sur : la coqueluche\"}]},{\"@type\":\"WebSite\",\"@id\":\"https:\\\/\\\/www.hellocare.com\\\/blog\\\/#website\",\"url\":\"https:\\\/\\\/www.hellocare.com\\\/blog\\\/\",\"name\":\"Hellocare\",\"description\":\"T\u00e9l\u00e9consultation et M\u00e9decin en ligne\",\"publisher\":{\"@id\":\"https:\\\/\\\/www.hellocare.com\\\/blog\\\/#organization\"},\"potentialAction\":[{\"@type\":\"SearchAction\",\"target\":{\"@type\":\"EntryPoint\",\"urlTemplate\":\"https:\\\/\\\/www.hellocare.com\\\/blog\\\/?s={search_term_string}\"},\"query-input\":{\"@type\":\"PropertyValueSpecification\",\"valueRequired\":true,\"valueName\":\"search_term_string\"}}],\"inLanguage\":\"fr-FR\"},{\"@type\":\"Organization\",\"@id\":\"https:\\\/\\\/www.hellocare.com\\\/blog\\\/#organization\",\"name\":\"Hellocare\",\"url\":\"https:\\\/\\\/www.hellocare.com\\\/blog\\\/\",\"logo\":{\"@type\":\"ImageObject\",\"inLanguage\":\"fr-FR\",\"@id\":\"https:\\\/\\\/www.hellocare.com\\\/blog\\\/#\\\/schema\\\/logo\\\/image\\\/\",\"url\":\"https:\\\/\\\/www.hellocare.com\\\/blog\\\/wp-content\\\/uploads\\\/2020\\\/04\\\/Logo_hellocare.png\",\"contentUrl\":\"https:\\\/\\\/www.hellocare.com\\\/blog\\\/wp-content\\\/uploads\\\/2020\\\/04\\\/Logo_hellocare.png\",\"width\":537,\"height\":431,\"caption\":\"Hellocare\"},\"image\":{\"@id\":\"https:\\\/\\\/www.hellocare.com\\\/blog\\\/#\\\/schema\\\/logo\\\/image\\\/\"},\"sameAs\":[\"https:\\\/\\\/www.facebook.com\\\/hellocareapp\\\/\",\"https:\\\/\\\/x.com\\\/hellocareapp\",\"https:\\\/\\\/www.instagram.com\\\/hellocareapp\",\"https:\\\/\\\/www.linkedin.com\\\/company\\\/hellocare---health-care-everywhere\"],\"description\":\"Sur Hellocare vous pouvez consulter des m\u00e9decins g\u00e9n\u00e9ralistes, des sp\u00e9cialistes ou des th\u00e9rapeutes disponibles pour tous, et rapidement !\",\"email\":\"hello@hellocare.com\",\"telephone\":\"04 85 80 00 23\",\"legalName\":\"Hellocare SAS\",\"foundingDate\":\"2016-06-24\",\"vatID\":\"FR68821232121\",\"taxID\":\"82123212100045\"},{\"@type\":\"Person\",\"@id\":\"https:\\\/\\\/www.hellocare.com\\\/blog\\\/#\\\/schema\\\/person\\\/49907f41d544005e2396117f2cadd357\",\"name\":\"Maxime Villaret\",\"image\":{\"@type\":\"ImageObject\",\"inLanguage\":\"fr-FR\",\"@id\":\"https:\\\/\\\/www.hellocare.com\\\/blog\\\/wp-content\\\/uploads\\\/2026\\\/01\\\/573359075_10235538103826829_7377240495191717931_n.jpg\",\"url\":\"https:\\\/\\\/www.hellocare.com\\\/blog\\\/wp-content\\\/uploads\\\/2026\\\/01\\\/573359075_10235538103826829_7377240495191717931_n.jpg\",\"contentUrl\":\"https:\\\/\\\/www.hellocare.com\\\/blog\\\/wp-content\\\/uploads\\\/2026\\\/01\\\/573359075_10235538103826829_7377240495191717931_n.jpg\",\"caption\":\"Maxime Villaret\"},\"url\":\"https:\\\/\\\/www.hellocare.com\\\/blog\\\/author\\\/maxime\\\/\"}]}<\/script>\n<!-- \/ Yoast SEO Premium plugin. -->","yoast_head_json":{"title":"Les points essentiels sur : la coqueluche","description":"D\u00e9couvrez tout sur la coqueluche: sympt\u00f4mes, transmission et pr\u00e9vention pour prot\u00e9ger les plus vuln\u00e9rables.","robots":{"index":"index","follow":"follow","max-snippet":"max-snippet:-1","max-image-preview":"max-image-preview:large","max-video-preview":"max-video-preview:-1"},"canonical":"https:\/\/www.hellocare.com\/blog\/les-points-essentiels-sur-la-coqueluche\/","og_locale":"fr_FR","og_type":"article","og_title":"Les points essentiels sur : la coqueluche","og_description":"Quand on veut perdre du poids, on est souvent press\u00e9. Mais une perte de poids ...","og_url":"https:\/\/www.hellocare.com\/blog\/les-points-essentiels-sur-la-coqueluche\/","og_site_name":"Hellocare","article_publisher":"https:\/\/www.facebook.com\/hellocareapp\/","article_published_time":"2026-01-21T15:25:51+00:00","article_modified_time":"2026-02-25T10:43:43+00:00","og_image":[{"width":1200,"height":800,"url":"https:\/\/www.hellocare.com\/blog\/wp-content\/uploads\/2026\/01\/Coqueluche_essentiel_illu.jpg","type":"image\/jpeg"}],"author":"Maxime Villaret","twitter_card":"summary_large_image","twitter_creator":"@hellocareapp","twitter_site":"@hellocareapp","twitter_misc":{"\u00c9crit par":"Maxime Villaret","Dur\u00e9e de lecture estim\u00e9e":"8 minutes"},"schema":{"@context":"https:\/\/schema.org","@graph":[{"@type":"Article","@id":"https:\/\/www.hellocare.com\/blog\/les-points-essentiels-sur-la-coqueluche\/#article","isPartOf":{"@id":"https:\/\/www.hellocare.com\/blog\/les-points-essentiels-sur-la-coqueluche\/"},"author":{"name":"Maxime Villaret","@id":"https:\/\/www.hellocare.com\/blog\/#\/schema\/person\/49907f41d544005e2396117f2cadd357"},"headline":"Les points essentiels sur : la coqueluche","datePublished":"2026-01-21T15:25:51+00:00","dateModified":"2026-02-25T10:43:43+00:00","mainEntityOfPage":{"@id":"https:\/\/www.hellocare.com\/blog\/les-points-essentiels-sur-la-coqueluche\/"},"wordCount":5181,"publisher":{"@id":"https:\/\/www.hellocare.com\/blog\/#organization"},"image":{"@id":"https:\/\/www.hellocare.com\/blog\/les-points-essentiels-sur-la-coqueluche\/#primaryimage"},"thumbnailUrl":"https:\/\/www.hellocare.com\/blog\/wp-content\/uploads\/2026\/01\/Coqueluche_essentiel_illu.jpg","keywords":["landing"],"articleSection":["Sant\u00e9 g\u00e9n\u00e9rale &amp; M\u00e9decine"],"inLanguage":"fr-FR"},{"@type":"WebPage","@id":"https:\/\/www.hellocare.com\/blog\/les-points-essentiels-sur-la-coqueluche\/","url":"https:\/\/www.hellocare.com\/blog\/les-points-essentiels-sur-la-coqueluche\/","name":"Les points essentiels sur : la coqueluche","isPartOf":{"@id":"https:\/\/www.hellocare.com\/blog\/#website"},"primaryImageOfPage":{"@id":"https:\/\/www.hellocare.com\/blog\/les-points-essentiels-sur-la-coqueluche\/#primaryimage"},"image":{"@id":"https:\/\/www.hellocare.com\/blog\/les-points-essentiels-sur-la-coqueluche\/#primaryimage"},"thumbnailUrl":"https:\/\/www.hellocare.com\/blog\/wp-content\/uploads\/2026\/01\/Coqueluche_essentiel_illu.jpg","datePublished":"2026-01-21T15:25:51+00:00","dateModified":"2026-02-25T10:43:43+00:00","description":"D\u00e9couvrez tout sur la coqueluche: sympt\u00f4mes, transmission et pr\u00e9vention pour prot\u00e9ger les plus vuln\u00e9rables.","breadcrumb":{"@id":"https:\/\/www.hellocare.com\/blog\/les-points-essentiels-sur-la-coqueluche\/#breadcrumb"},"inLanguage":"fr-FR","potentialAction":[{"@type":"ReadAction","target":["https:\/\/www.hellocare.com\/blog\/les-points-essentiels-sur-la-coqueluche\/"]}]},{"@type":"ImageObject","inLanguage":"fr-FR","@id":"https:\/\/www.hellocare.com\/blog\/les-points-essentiels-sur-la-coqueluche\/#primaryimage","url":"https:\/\/www.hellocare.com\/blog\/wp-content\/uploads\/2026\/01\/Coqueluche_essentiel_illu.jpg","contentUrl":"https:\/\/www.hellocare.com\/blog\/wp-content\/uploads\/2026\/01\/Coqueluche_essentiel_illu.jpg","width":1200,"height":800},{"@type":"BreadcrumbList","@id":"https:\/\/www.hellocare.com\/blog\/les-points-essentiels-sur-la-coqueluche\/#breadcrumb","itemListElement":[{"@type":"ListItem","position":1,"name":"Accueil","item":"https:\/\/www.hellocare.com\/blog\/"},{"@type":"ListItem","position":2,"name":"Les points essentiels sur : la coqueluche"}]},{"@type":"WebSite","@id":"https:\/\/www.hellocare.com\/blog\/#website","url":"https:\/\/www.hellocare.com\/blog\/","name":"Hellocare","description":"T\u00e9l\u00e9consultation et M\u00e9decin en ligne","publisher":{"@id":"https:\/\/www.hellocare.com\/blog\/#organization"},"potentialAction":[{"@type":"SearchAction","target":{"@type":"EntryPoint","urlTemplate":"https:\/\/www.hellocare.com\/blog\/?s={search_term_string}"},"query-input":{"@type":"PropertyValueSpecification","valueRequired":true,"valueName":"search_term_string"}}],"inLanguage":"fr-FR"},{"@type":"Organization","@id":"https:\/\/www.hellocare.com\/blog\/#organization","name":"Hellocare","url":"https:\/\/www.hellocare.com\/blog\/","logo":{"@type":"ImageObject","inLanguage":"fr-FR","@id":"https:\/\/www.hellocare.com\/blog\/#\/schema\/logo\/image\/","url":"https:\/\/www.hellocare.com\/blog\/wp-content\/uploads\/2020\/04\/Logo_hellocare.png","contentUrl":"https:\/\/www.hellocare.com\/blog\/wp-content\/uploads\/2020\/04\/Logo_hellocare.png","width":537,"height":431,"caption":"Hellocare"},"image":{"@id":"https:\/\/www.hellocare.com\/blog\/#\/schema\/logo\/image\/"},"sameAs":["https:\/\/www.facebook.com\/hellocareapp\/","https:\/\/x.com\/hellocareapp","https:\/\/www.instagram.com\/hellocareapp","https:\/\/www.linkedin.com\/company\/hellocare---health-care-everywhere"],"description":"Sur Hellocare vous pouvez consulter des m\u00e9decins g\u00e9n\u00e9ralistes, des sp\u00e9cialistes ou des th\u00e9rapeutes disponibles pour tous, et rapidement !","email":"hello@hellocare.com","telephone":"04 85 80 00 23","legalName":"Hellocare SAS","foundingDate":"2016-06-24","vatID":"FR68821232121","taxID":"82123212100045"},{"@type":"Person","@id":"https:\/\/www.hellocare.com\/blog\/#\/schema\/person\/49907f41d544005e2396117f2cadd357","name":"Maxime Villaret","image":{"@type":"ImageObject","inLanguage":"fr-FR","@id":"https:\/\/www.hellocare.com\/blog\/wp-content\/uploads\/2026\/01\/573359075_10235538103826829_7377240495191717931_n.jpg","url":"https:\/\/www.hellocare.com\/blog\/wp-content\/uploads\/2026\/01\/573359075_10235538103826829_7377240495191717931_n.jpg","contentUrl":"https:\/\/www.hellocare.com\/blog\/wp-content\/uploads\/2026\/01\/573359075_10235538103826829_7377240495191717931_n.jpg","caption":"Maxime Villaret"},"url":"https:\/\/www.hellocare.com\/blog\/author\/maxime\/"}]}},"_links":{"self":[{"href":"https:\/\/www.hellocare.com\/blog\/wp-json\/wp\/v2\/posts\/37530","targetHints":{"allow":["GET"]}}],"collection":[{"href":"https:\/\/www.hellocare.com\/blog\/wp-json\/wp\/v2\/posts"}],"about":[{"href":"https:\/\/www.hellocare.com\/blog\/wp-json\/wp\/v2\/types\/post"}],"author":[{"embeddable":true,"href":"https:\/\/www.hellocare.com\/blog\/wp-json\/wp\/v2\/users\/50"}],"replies":[{"embeddable":true,"href":"https:\/\/www.hellocare.com\/blog\/wp-json\/wp\/v2\/comments?post=37530"}],"version-history":[{"count":26,"href":"https:\/\/www.hellocare.com\/blog\/wp-json\/wp\/v2\/posts\/37530\/revisions"}],"predecessor-version":[{"id":37652,"href":"https:\/\/www.hellocare.com\/blog\/wp-json\/wp\/v2\/posts\/37530\/revisions\/37652"}],"wp:featuredmedia":[{"embeddable":true,"href":"https:\/\/www.hellocare.com\/blog\/wp-json\/wp\/v2\/media\/37532"}],"wp:attachment":[{"href":"https:\/\/www.hellocare.com\/blog\/wp-json\/wp\/v2\/media?parent=37530"}],"wp:term":[{"taxonomy":"category","embeddable":true,"href":"https:\/\/www.hellocare.com\/blog\/wp-json\/wp\/v2\/categories?post=37530"},{"taxonomy":"post_tag","embeddable":true,"href":"https:\/\/www.hellocare.com\/blog\/wp-json\/wp\/v2\/tags?post=37530"}],"curies":[{"name":"wp","href":"https:\/\/api.w.org\/{rel}","templated":true}]}}